{"id":953,"date":"2020-09-05T14:00:00","date_gmt":"2020-09-05T12:00:00","guid":{"rendered":"https:\/\/www.audens.es\/sala-de-prensa\/?p=953"},"modified":"2020-10-31T00:39:08","modified_gmt":"2020-10-30T23:39:08","slug":"confilegal-sancion-por-conservar-los-datos-de-un-excliente-durante-16-anos","status":"publish","type":"post","link":"https:\/\/www.audens.es\/sala-de-prensa\/confilegal-sancion-por-conservar-los-datos-de-un-excliente-durante-16-anos\/","title":{"rendered":"Sanci\u00f3n por conservar los datos de un excliente durante 16 a\u00f1os"},"content":{"rendered":"\n<div class=\"wp-block-image\"><figure class=\"aligncenter size-large\"><img loading=\"lazy\" decoding=\"async\" width=\"575\" height=\"383\" src=\"https:\/\/www.audens.es\/sala-de-prensa\/wp-content\/uploads\/2020\/09\/bankia.jpg\" alt=\"\" class=\"wp-image-954\" srcset=\"https:\/\/www.audens.es\/sala-de-prensa\/wp-content\/uploads\/2020\/09\/bankia.jpg 575w, https:\/\/www.audens.es\/sala-de-prensa\/wp-content\/uploads\/2020\/09\/bankia-300x200.jpg 300w\" sizes=\"auto, (max-width: 575px) 100vw, 575px\" \/><\/figure><\/div>\n\n\n\n<p>Confilegal ha publicado un art\u00edculo acerca de la reciente sanci\u00f3n impuesta por la Agencia Espa\u00f1ola de Protecci\u00f3n de Datos a la entidad financiera Bankia, por haber conservado accesibles durante 16 a\u00f1os los datos de un antiguo cliente. Han contado con la opini\u00f3n de nuestro compa\u00f1ero <a href=\"https:\/\/www.audens.es\/leandro-nunez.php\">Leandro N\u00fa\u00f1ez<\/a> para aclarar determinamos aspectos referentes al plazo de conservaci\u00f3n de los datos de car\u00e1cter personal.<\/p>\n\n\n\n<p>Foto: <a rel=\"noreferrer noopener\" href=\"https:\/\/unsplash.com\/@lenabalk?utm_source=unsplash&amp;utm_medium=referral&amp;utm_content=creditCopyText\" target=\"_blank\">Lena Balk<\/a> (v\u00eda Unsplash)<br>Puedes <a rel=\"noreferrer noopener\" href=\"https:\/\/confilegal.com\/20200905-la-aepd-multa-a-bankia-con-40-000-euros-por-conservar-los-datos-de-un-excliente-durante-16-anos\/\" target=\"_blank\">leer el art\u00edculo completo<\/a>.<\/p>\n","protected":false},"excerpt":{"rendered":"Leandro N\u00fa\u00f1ez ha opinado para Confilegal acerca de una reciente sanci\u00f3n impuesta a una entidad financiera, por exceder el plazo m\u00e1ximo de conservaci\u00f3n de datos personales. <A CLASS=\"read-more\" HREF=\"https:\/\/www.audens.es\/sala-de-prensa\/confilegal-sancion-por-conservar-los-datos-de-un-excliente-durante-16-anos\/\">[+]<\/A>","protected":false},"author":2,"featured_media":0,"comment_status":"closed","ping_status":"open","sticky":false,"template":"","format":"standard","meta":{"footnotes":""},"categories":[164],"tags":[7,23],"medio":[29],"organizador":[],"class_list":["post-953","post","type-post","status-publish","format-standard","hentry","category-prensa-escrita","tag-leandro-nunez","tag-proteccion-de-datos","medio-confilegal"],"_links":{"self":[{"href":"https:\/\/www.audens.es\/sala-de-prensa\/wp-json\/wp\/v2\/posts\/953","targetHints":{"allow":["GET"]}}],"collection":[{"href":"https:\/\/www.audens.es\/sala-de-prensa\/wp-json\/wp\/v2\/posts"}],"about":[{"href":"https:\/\/www.audens.es\/sala-de-prensa\/wp-json\/wp\/v2\/types\/post"}],"author":[{"embeddable":true,"href":"https:\/\/www.audens.es\/sala-de-prensa\/wp-json\/wp\/v2\/users\/2"}],"replies":[{"embeddable":true,"href":"https:\/\/www.audens.es\/sala-de-prensa\/wp-json\/wp\/v2\/comments?post=953"}],"version-history":[{"count":3,"href":"https:\/\/www.audens.es\/sala-de-prensa\/wp-json\/wp\/v2\/posts\/953\/revisions"}],"predecessor-version":[{"id":958,"href":"https:\/\/www.audens.es\/sala-de-prensa\/wp-json\/wp\/v2\/posts\/953\/revisions\/958"}],"wp:attachment":[{"href":"https:\/\/www.audens.es\/sala-de-prensa\/wp-json\/wp\/v2\/media?parent=953"}],"wp:term":[{"taxonomy":"category","embeddable":true,"href":"https:\/\/www.audens.es\/sala-de-prensa\/wp-json\/wp\/v2\/categories?post=953"},{"taxonomy":"post_tag","embeddable":true,"href":"https:\/\/www.audens.es\/sala-de-prensa\/wp-json\/wp\/v2\/tags?post=953"},{"taxonomy":"medio","embeddable":true,"href":"https:\/\/www.audens.es\/sala-de-prensa\/wp-json\/wp\/v2\/medio?post=953"},{"taxonomy":"organizador","embeddable":true,"href":"https:\/\/www.audens.es\/sala-de-prensa\/wp-json\/wp\/v2\/organizador?post=953"}],"curies":[{"name":"wp","href":"https:\/\/api.w.org\/{rel}","templated":true}]}}