{"id":920,"date":"2020-07-29T12:00:00","date_gmt":"2020-07-29T10:00:00","guid":{"rendered":"https:\/\/www.audens.es\/sala-de-prensa\/?p=920"},"modified":"2020-10-31T00:25:45","modified_gmt":"2020-10-30T23:25:45","slug":"confilegal-actualizacion-de-la-guia-sobre-el-uso-de-las-cookies","status":"publish","type":"post","link":"https:\/\/www.audens.es\/sala-de-prensa\/confilegal-actualizacion-de-la-guia-sobre-el-uso-de-las-cookies\/","title":{"rendered":"Actualizaci\u00f3n de la \u00abGu\u00eda sobre el uso de las cookies\u00bb"},"content":{"rendered":"\n<div class=\"wp-block-image\"><figure class=\"aligncenter size-large\"><img loading=\"lazy\" decoding=\"async\" width=\"575\" height=\"383\" src=\"https:\/\/www.audens.es\/sala-de-prensa\/wp-content\/uploads\/2020\/07\/cookies-1.jpg\" alt=\"\" class=\"wp-image-924\" srcset=\"https:\/\/www.audens.es\/sala-de-prensa\/wp-content\/uploads\/2020\/07\/cookies-1.jpg 575w, https:\/\/www.audens.es\/sala-de-prensa\/wp-content\/uploads\/2020\/07\/cookies-1-300x200.jpg 300w\" sizes=\"auto, (max-width: 575px) 100vw, 575px\" \/><\/figure><\/div>\n\n\n\n<p>La Agencia Espa\u00f1ola de Protecci\u00f3n de Datos acaba de actualizar su \u00abGu\u00eda sobre el uso de las cookies\u00bb, introduciendo cambios relevantes sobre la obtenci\u00f3n del consentimiento. Confilegal ha publicado un art\u00edculo sobre el tema, para lo que ha contado con la opini\u00f3n de nuestro compa\u00f1ero <a href=\"https:\/\/www.audens.es\/leandro-nunez.php\">Leandro N\u00fa\u00f1ez<\/a>.<\/p>\n\n\n\n<p>Foto: <a href=\"https:\/\/unsplash.com\/@designedforadventure?utm_source=unsplash&amp;utm_medium=referral&amp;utm_content=creditCopyText\" target=\"_blank\" rel=\"noreferrer noopener\">Michelle<\/a> (v\u00eda Unsplash)<br>Puedes <a rel=\"noreferrer noopener\" href=\"https:\/\/confilegal.com\/20200729-proteccion-de-datos-da-tres-meses-a-las-empresas-para-adaptarse-a-la-actualizacion-de-la-guia-de-cookies\/\" target=\"_blank\">leer el art\u00edculo completo<\/a>.<\/p>\n","protected":false},"excerpt":{"rendered":"Leandro N\u00fa\u00f1ez opina para Confilegal sobre la reciente actualizaci\u00f3n de la gu\u00eda de cookies de la AEPD. <A CLASS=\"read-more\" HREF=\"https:\/\/www.audens.es\/sala-de-prensa\/confilegal-actualizacion-de-la-guia-sobre-el-uso-de-las-cookies\/\">[+]<\/A>","protected":false},"author":2,"featured_media":0,"comment_status":"closed","ping_status":"open","sticky":false,"template":"","format":"standard","meta":{"footnotes":""},"categories":[164],"tags":[125,7,23],"medio":[29],"organizador":[],"class_list":["post-920","post","type-post","status-publish","format-standard","hentry","category-prensa-escrita","tag-cookies","tag-leandro-nunez","tag-proteccion-de-datos","medio-confilegal"],"_links":{"self":[{"href":"https:\/\/www.audens.es\/sala-de-prensa\/wp-json\/wp\/v2\/posts\/920","targetHints":{"allow":["GET"]}}],"collection":[{"href":"https:\/\/www.audens.es\/sala-de-prensa\/wp-json\/wp\/v2\/posts"}],"about":[{"href":"https:\/\/www.audens.es\/sala-de-prensa\/wp-json\/wp\/v2\/types\/post"}],"author":[{"embeddable":true,"href":"https:\/\/www.audens.es\/sala-de-prensa\/wp-json\/wp\/v2\/users\/2"}],"replies":[{"embeddable":true,"href":"https:\/\/www.audens.es\/sala-de-prensa\/wp-json\/wp\/v2\/comments?post=920"}],"version-history":[{"count":3,"href":"https:\/\/www.audens.es\/sala-de-prensa\/wp-json\/wp\/v2\/posts\/920\/revisions"}],"predecessor-version":[{"id":928,"href":"https:\/\/www.audens.es\/sala-de-prensa\/wp-json\/wp\/v2\/posts\/920\/revisions\/928"}],"wp:attachment":[{"href":"https:\/\/www.audens.es\/sala-de-prensa\/wp-json\/wp\/v2\/media?parent=920"}],"wp:term":[{"taxonomy":"category","embeddable":true,"href":"https:\/\/www.audens.es\/sala-de-prensa\/wp-json\/wp\/v2\/categories?post=920"},{"taxonomy":"post_tag","embeddable":true,"href":"https:\/\/www.audens.es\/sala-de-prensa\/wp-json\/wp\/v2\/tags?post=920"},{"taxonomy":"medio","embeddable":true,"href":"https:\/\/www.audens.es\/sala-de-prensa\/wp-json\/wp\/v2\/medio?post=920"},{"taxonomy":"organizador","embeddable":true,"href":"https:\/\/www.audens.es\/sala-de-prensa\/wp-json\/wp\/v2\/organizador?post=920"}],"curies":[{"name":"wp","href":"https:\/\/api.w.org\/{rel}","templated":true}]}}