{"id":885,"date":"2014-01-15T10:00:00","date_gmt":"2014-01-15T09:00:00","guid":{"rendered":"https:\/\/www.audens.es\/sala-de-prensa\/?p=885"},"modified":"2026-01-26T14:29:15","modified_gmt":"2026-01-26T13:29:15","slug":"tratamiento-legal-del-big-data","status":"publish","type":"post","link":"https:\/\/www.audens.es\/sala-de-prensa\/tratamiento-legal-del-big-data\/","title":{"rendered":"Tratamiento legal del Big Data"},"content":{"rendered":"\n<div class=\"wp-block-image\"><figure class=\"aligncenter size-full\"><img loading=\"lazy\" decoding=\"async\" width=\"575\" height=\"250\" src=\"https:\/\/www.audens.es\/sala-de-prensa\/wp-content\/uploads\/2020\/07\/iab.png\" alt=\"\" class=\"wp-image-886\" srcset=\"https:\/\/www.audens.es\/sala-de-prensa\/wp-content\/uploads\/2020\/07\/iab.png 575w, https:\/\/www.audens.es\/sala-de-prensa\/wp-content\/uploads\/2020\/07\/iab-300x130.png 300w\" sizes=\"auto, (max-width: 575px) 100vw, 575px\" \/><\/figure><\/div>\n\n\n\n<p>Nuestro compa\u00f1ero <a href=\"https:\/\/www.audens.es\/leandro-nunez.php\">Leandro N\u00fa\u00f1ez<\/a> participar\u00e1, el pr\u00f3ximo 22 de enero, en el primer desayuno tem\u00e1tico que organiza IAB Spain en este a\u00f1o. Abordar\u00e1 los aspectos de protecci\u00f3n de datos personales aplicables al tratamiento de datos en el marco del big data, especialmente en el \u00e1mbito del social media marketing.<\/p>\n\n\n\n<p>Si te interesa, puedes <a href=\"https:\/\/iabspain.es\/calendario\/desayunos-tematicos\/\" target=\"_blank\" rel=\"noreferrer noopener\">consultar el programa e inscribirte<\/a>.<\/p>\n","protected":false},"excerpt":{"rendered":"Nuestro compa\u00f1ero Leandro N\u00fa\u00f1ez participar\u00e1, el pr\u00f3ximo 22 de enero, en un desayuno tem\u00e1tico de IAB Spain sobre los aspectos legales del big data, especialmente en el \u00e1mbito del social media marketing. <A CLASS=\"read-more\" HREF=\"https:\/\/www.audens.es\/sala-de-prensa\/tratamiento-legal-del-big-data\/\">[+]<\/A>","protected":false},"author":1,"featured_media":0,"comment_status":"closed","ping_status":"open","sticky":false,"template":"","format":"standard","meta":{"footnotes":""},"categories":[2],"tags":[7,23],"medio":[],"organizador":[24],"class_list":["post-885","post","type-post","status-publish","format-standard","hentry","category-eventos","tag-leandro-nunez","tag-proteccion-de-datos","organizador-iab-spain"],"_links":{"self":[{"href":"https:\/\/www.audens.es\/sala-de-prensa\/wp-json\/wp\/v2\/posts\/885","targetHints":{"allow":["GET"]}}],"collection":[{"href":"https:\/\/www.audens.es\/sala-de-prensa\/wp-json\/wp\/v2\/posts"}],"about":[{"href":"https:\/\/www.audens.es\/sala-de-prensa\/wp-json\/wp\/v2\/types\/post"}],"author":[{"embeddable":true,"href":"https:\/\/www.audens.es\/sala-de-prensa\/wp-json\/wp\/v2\/users\/1"}],"replies":[{"embeddable":true,"href":"https:\/\/www.audens.es\/sala-de-prensa\/wp-json\/wp\/v2\/comments?post=885"}],"version-history":[{"count":2,"href":"https:\/\/www.audens.es\/sala-de-prensa\/wp-json\/wp\/v2\/posts\/885\/revisions"}],"predecessor-version":[{"id":888,"href":"https:\/\/www.audens.es\/sala-de-prensa\/wp-json\/wp\/v2\/posts\/885\/revisions\/888"}],"wp:attachment":[{"href":"https:\/\/www.audens.es\/sala-de-prensa\/wp-json\/wp\/v2\/media?parent=885"}],"wp:term":[{"taxonomy":"category","embeddable":true,"href":"https:\/\/www.audens.es\/sala-de-prensa\/wp-json\/wp\/v2\/categories?post=885"},{"taxonomy":"post_tag","embeddable":true,"href":"https:\/\/www.audens.es\/sala-de-prensa\/wp-json\/wp\/v2\/tags?post=885"},{"taxonomy":"medio","embeddable":true,"href":"https:\/\/www.audens.es\/sala-de-prensa\/wp-json\/wp\/v2\/medio?post=885"},{"taxonomy":"organizador","embeddable":true,"href":"https:\/\/www.audens.es\/sala-de-prensa\/wp-json\/wp\/v2\/organizador?post=885"}],"curies":[{"name":"wp","href":"https:\/\/api.w.org\/{rel}","templated":true}]}}