{"id":878,"date":"2020-07-15T17:45:00","date_gmt":"2020-07-15T15:45:00","guid":{"rendered":"https:\/\/www.audens.es\/sala-de-prensa\/?p=878"},"modified":"2020-10-31T00:25:59","modified_gmt":"2020-10-30T23:25:59","slug":"the-objective-que-datos-personales-pueden-ceder-las-empresas-a-la-policia","status":"publish","type":"post","link":"https:\/\/www.audens.es\/sala-de-prensa\/the-objective-que-datos-personales-pueden-ceder-las-empresas-a-la-policia\/","title":{"rendered":"\u00bfQu\u00e9 datos personales pueden ceder las empresas a la Polic\u00eda?"},"content":{"rendered":"\n<div class=\"wp-block-image\"><figure class=\"aligncenter size-large\"><img loading=\"lazy\" decoding=\"async\" width=\"575\" height=\"383\" src=\"https:\/\/www.audens.es\/sala-de-prensa\/wp-content\/uploads\/2020\/07\/policia.jpg\" alt=\"\" class=\"wp-image-879\" srcset=\"https:\/\/www.audens.es\/sala-de-prensa\/wp-content\/uploads\/2020\/07\/policia.jpg 575w, https:\/\/www.audens.es\/sala-de-prensa\/wp-content\/uploads\/2020\/07\/policia-300x200.jpg 300w\" sizes=\"auto, (max-width: 575px) 100vw, 575px\" \/><\/figure><\/div>\n\n\n\n<p>Nuestro compa\u00f1ero <a href=\"https:\/\/www.audens.es\/leandro-nunez.php\">Leandro N\u00fa\u00f1ez<\/a> ha participado en un art\u00edculo publicado por The Objective para opinar acerca del alcance de los datos personales que puede solicitar la Polic\u00eda, tanto a las empresas tradicionales como a las compa\u00f1\u00edas de Internet, en el marco de la prevenci\u00f3n, investigaci\u00f3n y persecuci\u00f3n de delitos.<\/p>\n\n\n\n<p>Foto: <a href=\"https:\/\/unsplash.com\/@ev?utm_source=unsplash&amp;utm_medium=referral&amp;utm_content=creditCopyText\" target=\"_blank\" rel=\"noreferrer noopener\">ev<\/a> (v\u00eda Unsplash)<a href=\"https:\/\/unsplash.com\/s\/photos\/police?utm_source=unsplash&amp;utm_medium=referral&amp;utm_content=creditCopyText\"><\/a><br>Puedes <a rel=\"noreferrer noopener\" href=\"https:\/\/theobjective.com\/further\/que-datos-puede-pedir-la-policia-a-las-empresas-sobre-mi\" target=\"_blank\">leer el art\u00edculo completo<\/a>.<\/p>\n","protected":false},"excerpt":{"rendered":"Leandro N\u00fa\u00f1ez ha opinado para The Objetive acerca de qu\u00e9 datos personales de los ciudadanos puede solicitar la Polic\u00eda a las empresas. <A CLASS=\"read-more\" HREF=\"https:\/\/www.audens.es\/sala-de-prensa\/the-objective-que-datos-personales-pueden-ceder-las-empresas-a-la-policia\/\">[+]<\/A>","protected":false},"author":2,"featured_media":0,"comment_status":"closed","ping_status":"open","sticky":false,"template":"","format":"standard","meta":{"footnotes":""},"categories":[164],"tags":[7,23],"medio":[130],"organizador":[],"class_list":["post-878","post","type-post","status-publish","format-standard","hentry","category-prensa-escrita","tag-leandro-nunez","tag-proteccion-de-datos","medio-the-objective"],"_links":{"self":[{"href":"https:\/\/www.audens.es\/sala-de-prensa\/wp-json\/wp\/v2\/posts\/878","targetHints":{"allow":["GET"]}}],"collection":[{"href":"https:\/\/www.audens.es\/sala-de-prensa\/wp-json\/wp\/v2\/posts"}],"about":[{"href":"https:\/\/www.audens.es\/sala-de-prensa\/wp-json\/wp\/v2\/types\/post"}],"author":[{"embeddable":true,"href":"https:\/\/www.audens.es\/sala-de-prensa\/wp-json\/wp\/v2\/users\/2"}],"replies":[{"embeddable":true,"href":"https:\/\/www.audens.es\/sala-de-prensa\/wp-json\/wp\/v2\/comments?post=878"}],"version-history":[{"count":5,"href":"https:\/\/www.audens.es\/sala-de-prensa\/wp-json\/wp\/v2\/posts\/878\/revisions"}],"predecessor-version":[{"id":892,"href":"https:\/\/www.audens.es\/sala-de-prensa\/wp-json\/wp\/v2\/posts\/878\/revisions\/892"}],"wp:attachment":[{"href":"https:\/\/www.audens.es\/sala-de-prensa\/wp-json\/wp\/v2\/media?parent=878"}],"wp:term":[{"taxonomy":"category","embeddable":true,"href":"https:\/\/www.audens.es\/sala-de-prensa\/wp-json\/wp\/v2\/categories?post=878"},{"taxonomy":"post_tag","embeddable":true,"href":"https:\/\/www.audens.es\/sala-de-prensa\/wp-json\/wp\/v2\/tags?post=878"},{"taxonomy":"medio","embeddable":true,"href":"https:\/\/www.audens.es\/sala-de-prensa\/wp-json\/wp\/v2\/medio?post=878"},{"taxonomy":"organizador","embeddable":true,"href":"https:\/\/www.audens.es\/sala-de-prensa\/wp-json\/wp\/v2\/organizador?post=878"}],"curies":[{"name":"wp","href":"https:\/\/api.w.org\/{rel}","templated":true}]}}