{"id":872,"date":"2020-07-13T12:00:00","date_gmt":"2020-07-13T10:00:00","guid":{"rendered":"https:\/\/www.audens.es\/sala-de-prensa\/?p=872"},"modified":"2025-08-20T15:52:19","modified_gmt":"2025-08-20T13:52:19","slug":"rtve-la-importancia-de-la-privacidad-al-usar-apps","status":"publish","type":"post","link":"https:\/\/www.audens.es\/sala-de-prensa\/rtve-la-importancia-de-la-privacidad-al-usar-apps\/","title":{"rendered":"La importancia de la privacidad al usar Apps"},"content":{"rendered":"\n<div class=\"wp-block-image\"><figure class=\"aligncenter size-large\"><img loading=\"lazy\" decoding=\"async\" width=\"575\" height=\"383\" src=\"https:\/\/www.audens.es\/sala-de-prensa\/wp-content\/uploads\/2020\/07\/aplicaciones.jpg\" alt=\"\" class=\"wp-image-873\" srcset=\"https:\/\/www.audens.es\/sala-de-prensa\/wp-content\/uploads\/2020\/07\/aplicaciones.jpg 575w, https:\/\/www.audens.es\/sala-de-prensa\/wp-content\/uploads\/2020\/07\/aplicaciones-300x200.jpg 300w\" sizes=\"auto, (max-width: 575px) 100vw, 575px\" \/><\/figure><\/div>\n\n\n\n<p>Radio Nacional ha querido contar con la opini\u00f3n de nuestro compa\u00f1ero <a href=\"https:\/\/www.audens.es\/marcos-judel.php\">Marcos Judel<\/a>, en relaci\u00f3n a la privacidad de los usuarios en las aplicaciones m\u00f3viles y la importancia de leer atentamente las condiciones que se aceptan, a ra\u00edz de las acusaciones vertidas desde Estados Unidos contra TikTok por recopilar, supuestamente, datos de los usuarios y compartirlos con el gobierno chino.<\/p>\n\n\n\n<p>Foto: <a rel=\"noreferrer noopener\" href=\"https:\/\/unsplash.com\/@konkarampelas?utm_source=unsplash&amp;utm_medium=referral&amp;utm_content=creditCopyText\" target=\"_blank\">Kon Karampelas<\/a> (v\u00eda Unsplash)<br>Puedes <a rel=\"noreferrer noopener\" href=\"https:\/\/www.rtve.es\/alacarta\/audios\/boletines-rne\/boletin-rne-110720-06-00h\/5622511\/?media=rne\" target=\"_blank\">acceder al audio<\/a>, a partir del minuto 1:50.<\/p>\n","protected":false},"excerpt":{"rendered":"Marcos Judel ha opinado para RNE acerca de la importancia de leer la pol\u00edtica de privacidad y las condiciones de las aplicaciones m\u00f3viles. <A CLASS=\"read-more\" HREF=\"https:\/\/www.audens.es\/sala-de-prensa\/rtve-la-importancia-de-la-privacidad-al-usar-apps\/\">[+]<\/A>","protected":false},"author":2,"featured_media":0,"comment_status":"closed","ping_status":"open","sticky":false,"template":"","format":"standard","meta":{"footnotes":""},"categories":[163],"tags":[13,23],"medio":[232],"organizador":[],"class_list":["post-872","post","type-post","status-publish","format-standard","hentry","category-radio","tag-marcos-judel","tag-proteccion-de-datos","medio-radio-nacional"],"_links":{"self":[{"href":"https:\/\/www.audens.es\/sala-de-prensa\/wp-json\/wp\/v2\/posts\/872","targetHints":{"allow":["GET"]}}],"collection":[{"href":"https:\/\/www.audens.es\/sala-de-prensa\/wp-json\/wp\/v2\/posts"}],"about":[{"href":"https:\/\/www.audens.es\/sala-de-prensa\/wp-json\/wp\/v2\/types\/post"}],"author":[{"embeddable":true,"href":"https:\/\/www.audens.es\/sala-de-prensa\/wp-json\/wp\/v2\/users\/2"}],"replies":[{"embeddable":true,"href":"https:\/\/www.audens.es\/sala-de-prensa\/wp-json\/wp\/v2\/comments?post=872"}],"version-history":[{"count":3,"href":"https:\/\/www.audens.es\/sala-de-prensa\/wp-json\/wp\/v2\/posts\/872\/revisions"}],"predecessor-version":[{"id":2389,"href":"https:\/\/www.audens.es\/sala-de-prensa\/wp-json\/wp\/v2\/posts\/872\/revisions\/2389"}],"wp:attachment":[{"href":"https:\/\/www.audens.es\/sala-de-prensa\/wp-json\/wp\/v2\/media?parent=872"}],"wp:term":[{"taxonomy":"category","embeddable":true,"href":"https:\/\/www.audens.es\/sala-de-prensa\/wp-json\/wp\/v2\/categories?post=872"},{"taxonomy":"post_tag","embeddable":true,"href":"https:\/\/www.audens.es\/sala-de-prensa\/wp-json\/wp\/v2\/tags?post=872"},{"taxonomy":"medio","embeddable":true,"href":"https:\/\/www.audens.es\/sala-de-prensa\/wp-json\/wp\/v2\/medio?post=872"},{"taxonomy":"organizador","embeddable":true,"href":"https:\/\/www.audens.es\/sala-de-prensa\/wp-json\/wp\/v2\/organizador?post=872"}],"curies":[{"name":"wp","href":"https:\/\/api.w.org\/{rel}","templated":true}]}}