{"id":865,"date":"2020-07-08T17:00:00","date_gmt":"2020-07-08T15:00:00","guid":{"rendered":"https:\/\/www.audens.es\/sala-de-prensa\/?p=865"},"modified":"2020-10-31T00:26:23","modified_gmt":"2020-10-30T23:26:23","slug":"consumer-la-letra-pequena-de-las-ayudas-y-o-subvenciones","status":"publish","type":"post","link":"https:\/\/www.audens.es\/sala-de-prensa\/consumer-la-letra-pequena-de-las-ayudas-y-o-subvenciones\/","title":{"rendered":"La letra peque\u00f1a de las ayudas y\/o subvenciones"},"content":{"rendered":"\n<div class=\"wp-block-image\"><figure class=\"aligncenter size-large\"><img loading=\"lazy\" decoding=\"async\" width=\"575\" height=\"383\" src=\"https:\/\/www.audens.es\/sala-de-prensa\/wp-content\/uploads\/2020\/07\/money1.jpg\" alt=\"\" class=\"wp-image-866\" srcset=\"https:\/\/www.audens.es\/sala-de-prensa\/wp-content\/uploads\/2020\/07\/money1.jpg 575w, https:\/\/www.audens.es\/sala-de-prensa\/wp-content\/uploads\/2020\/07\/money1-300x200.jpg 300w\" sizes=\"auto, (max-width: 575px) 100vw, 575px\" \/><\/figure><\/div>\n\n\n\n<p>Eroski Consumer ha contado con la opini\u00f3n de nuestro compa\u00f1ero <a href=\"https:\/\/www.audens.es\/leandro-nunez.php\">Leandro N\u00fa\u00f1ez<\/a> para un art\u00edculo que trata sobre los requisitos y condiciones para solicitar una ayuda o subvenci\u00f3n, y sus consecuencias posteriores a efectos fiscales y tributarios.<\/p>\n\n\n\n<p>Foto: <a rel=\"noreferrer noopener\" href=\"https:\/\/unsplash.com\/@markusspiske?utm_source=unsplash&amp;utm_medium=referral&amp;utm_content=creditCopyText\" target=\"_blank\">Markus Spiske<\/a> (v\u00eda Unsplash)<a href=\"https:\/\/unsplash.com\/s\/photos\/money?utm_source=unsplash&amp;utm_medium=referral&amp;utm_content=creditCopyText\"><\/a><br>Puedes <a rel=\"noreferrer noopener\" href=\"https:\/\/www.consumer.es\/economia-domestica\/finanzas\/como-tributan-ayudas-subvenciones.html\" target=\"_blank\">leer el art\u00edculo completo<\/a>.<\/p>\n","protected":false},"excerpt":{"rendered":"Leandro N\u00fa\u00f1ez opina en un art\u00edculo de Eroski Consumer sobre los requisitos y condiciones para solicitar una ayuda o subvenci\u00f3n y sus consecuencias fiscales. <A CLASS=\"read-more\" HREF=\"https:\/\/www.audens.es\/sala-de-prensa\/consumer-la-letra-pequena-de-las-ayudas-y-o-subvenciones\/\">[+]<\/A>","protected":false},"author":2,"featured_media":0,"comment_status":"closed","ping_status":"open","sticky":false,"template":"","format":"standard","meta":{"footnotes":""},"categories":[164],"tags":[53,7],"medio":[119],"organizador":[],"class_list":["post-865","post","type-post","status-publish","format-standard","hentry","category-prensa-escrita","tag-consumidores-y-usuarios","tag-leandro-nunez","medio-eroski-consumer"],"_links":{"self":[{"href":"https:\/\/www.audens.es\/sala-de-prensa\/wp-json\/wp\/v2\/posts\/865","targetHints":{"allow":["GET"]}}],"collection":[{"href":"https:\/\/www.audens.es\/sala-de-prensa\/wp-json\/wp\/v2\/posts"}],"about":[{"href":"https:\/\/www.audens.es\/sala-de-prensa\/wp-json\/wp\/v2\/types\/post"}],"author":[{"embeddable":true,"href":"https:\/\/www.audens.es\/sala-de-prensa\/wp-json\/wp\/v2\/users\/2"}],"replies":[{"embeddable":true,"href":"https:\/\/www.audens.es\/sala-de-prensa\/wp-json\/wp\/v2\/comments?post=865"}],"version-history":[{"count":2,"href":"https:\/\/www.audens.es\/sala-de-prensa\/wp-json\/wp\/v2\/posts\/865\/revisions"}],"predecessor-version":[{"id":871,"href":"https:\/\/www.audens.es\/sala-de-prensa\/wp-json\/wp\/v2\/posts\/865\/revisions\/871"}],"wp:attachment":[{"href":"https:\/\/www.audens.es\/sala-de-prensa\/wp-json\/wp\/v2\/media?parent=865"}],"wp:term":[{"taxonomy":"category","embeddable":true,"href":"https:\/\/www.audens.es\/sala-de-prensa\/wp-json\/wp\/v2\/categories?post=865"},{"taxonomy":"post_tag","embeddable":true,"href":"https:\/\/www.audens.es\/sala-de-prensa\/wp-json\/wp\/v2\/tags?post=865"},{"taxonomy":"medio","embeddable":true,"href":"https:\/\/www.audens.es\/sala-de-prensa\/wp-json\/wp\/v2\/medio?post=865"},{"taxonomy":"organizador","embeddable":true,"href":"https:\/\/www.audens.es\/sala-de-prensa\/wp-json\/wp\/v2\/organizador?post=865"}],"curies":[{"name":"wp","href":"https:\/\/api.w.org\/{rel}","templated":true}]}}