{"id":85,"date":"2019-03-20T10:00:04","date_gmt":"2019-03-20T09:00:04","guid":{"rendered":"https:\/\/www.audens.es\/sala-de-prensa\/?p=85"},"modified":"2019-06-09T20:03:12","modified_gmt":"2019-06-09T18:03:12","slug":"ii-insight-club-dpd-sobre-rgpd-y-lopdgdd","status":"publish","type":"post","link":"https:\/\/www.audens.es\/sala-de-prensa\/ii-insight-club-dpd-sobre-rgpd-y-lopdgdd\/","title":{"rendered":"II Insight Club DPD sobre RGPD Y LOPDGDD"},"content":{"rendered":"\n<div class=\"wp-block-image\"><figure class=\"aligncenter\"><a href=\"https:\/\/www.aec.es\/web\/guest\/insight-exclusivo-aec-rgpd\/inicio\" target=\"_blank\" rel=\"noreferrer noopener\"><img loading=\"lazy\" decoding=\"async\" width=\"575\" height=\"248\" src=\"https:\/\/www.audens.es\/sala-de-prensa\/wp-content\/uploads\/2019\/06\/aec.jpg\" alt=\"II Insight Club DPD sobre RGPD Y LOPDGDD\" class=\"wp-image-86\" srcset=\"https:\/\/www.audens.es\/sala-de-prensa\/wp-content\/uploads\/2019\/06\/aec.jpg 575w, https:\/\/www.audens.es\/sala-de-prensa\/wp-content\/uploads\/2019\/06\/aec-300x129.jpg 300w\" sizes=\"auto, (max-width: 575px) 100vw, 575px\" \/><\/a><\/figure><\/div>\n\n\n\n<p>Nuestro compa\u00f1ero <a href=\"https:\/\/www.audens.es\/leandro-nunez.php\">Leandro N\u00fa\u00f1ez<\/a> participar\u00e1, el pr\u00f3ximo 27 de marzo, en un seminario organizado por la Asociaci\u00f3n Espa\u00f1ola para la Calidad sobre la nueva normativa de protecci\u00f3n de datos. Su ponencia versar\u00e1 sobre \u00abEl encargado del tratamiento: an\u00e1lisis pr\u00e1ctico del deber de diligencia e intervenci\u00f3n del DPD\u00bb.<\/p>\n\n\n\n<p>Si quieres asistir, puedes <a href=\"https:\/\/www.aec.es\/web\/guest\/insight-exclusivo-aec-rgpd\/inicio\">consultar el programa e inscribirte<\/a>.<\/p>\n","protected":false},"excerpt":{"rendered":"Nuestro compa\u00f1ero Leandro N\u00fa\u00f1ez participar\u00e1, el pr\u00f3ximo 27 de marzo, en un seminario organizado por la Asociaci\u00f3n Espa\u00f1ola para la Calidad sobre la nueva normativa de protecci\u00f3n de datos. Su ponencia versar\u00e1 sobre \u00abEl encargado del tratamiento: an\u00e1lisis pr\u00e1ctico del deber de diligencia e intervenci\u00f3n del DPD\u00bb. Si quieres asistir, puedes consultar el programa e [&hellip;] <A CLASS=\"read-more\" HREF=\"https:\/\/www.audens.es\/sala-de-prensa\/ii-insight-club-dpd-sobre-rgpd-y-lopdgdd\/\">[+]<\/A>","protected":false},"author":1,"featured_media":0,"comment_status":"closed","ping_status":"closed","sticky":false,"template":"","format":"standard","meta":{"footnotes":""},"categories":[2],"tags":[35,7,23],"medio":[],"organizador":[],"class_list":["post-85","post","type-post","status-publish","format-standard","hentry","category-eventos","tag-aec","tag-leandro-nunez","tag-proteccion-de-datos"],"_links":{"self":[{"href":"https:\/\/www.audens.es\/sala-de-prensa\/wp-json\/wp\/v2\/posts\/85","targetHints":{"allow":["GET"]}}],"collection":[{"href":"https:\/\/www.audens.es\/sala-de-prensa\/wp-json\/wp\/v2\/posts"}],"about":[{"href":"https:\/\/www.audens.es\/sala-de-prensa\/wp-json\/wp\/v2\/types\/post"}],"author":[{"embeddable":true,"href":"https:\/\/www.audens.es\/sala-de-prensa\/wp-json\/wp\/v2\/users\/1"}],"replies":[{"embeddable":true,"href":"https:\/\/www.audens.es\/sala-de-prensa\/wp-json\/wp\/v2\/comments?post=85"}],"version-history":[{"count":1,"href":"https:\/\/www.audens.es\/sala-de-prensa\/wp-json\/wp\/v2\/posts\/85\/revisions"}],"predecessor-version":[{"id":87,"href":"https:\/\/www.audens.es\/sala-de-prensa\/wp-json\/wp\/v2\/posts\/85\/revisions\/87"}],"wp:attachment":[{"href":"https:\/\/www.audens.es\/sala-de-prensa\/wp-json\/wp\/v2\/media?parent=85"}],"wp:term":[{"taxonomy":"category","embeddable":true,"href":"https:\/\/www.audens.es\/sala-de-prensa\/wp-json\/wp\/v2\/categories?post=85"},{"taxonomy":"post_tag","embeddable":true,"href":"https:\/\/www.audens.es\/sala-de-prensa\/wp-json\/wp\/v2\/tags?post=85"},{"taxonomy":"medio","embeddable":true,"href":"https:\/\/www.audens.es\/sala-de-prensa\/wp-json\/wp\/v2\/medio?post=85"},{"taxonomy":"organizador","embeddable":true,"href":"https:\/\/www.audens.es\/sala-de-prensa\/wp-json\/wp\/v2\/organizador?post=85"}],"curies":[{"name":"wp","href":"https:\/\/api.w.org\/{rel}","templated":true}]}}