{"id":808,"date":"2020-06-15T18:00:00","date_gmt":"2020-06-15T16:00:00","guid":{"rendered":"https:\/\/www.audens.es\/sala-de-prensa\/?p=808"},"modified":"2020-10-31T00:27:21","modified_gmt":"2020-10-30T23:27:21","slug":"cadena-ser-cuestiones-sobre-el-teletrabajo","status":"publish","type":"post","link":"https:\/\/www.audens.es\/sala-de-prensa\/cadena-ser-cuestiones-sobre-el-teletrabajo\/","title":{"rendered":"Cuestiones sobre el teletrabajo"},"content":{"rendered":"\n<div class=\"wp-block-image\"><figure class=\"aligncenter size-large\"><img loading=\"lazy\" decoding=\"async\" width=\"575\" height=\"383\" src=\"https:\/\/www.audens.es\/sala-de-prensa\/wp-content\/uploads\/2020\/06\/workhome.jpg\" alt=\"\" class=\"wp-image-809\" srcset=\"https:\/\/www.audens.es\/sala-de-prensa\/wp-content\/uploads\/2020\/06\/workhome.jpg 575w, https:\/\/www.audens.es\/sala-de-prensa\/wp-content\/uploads\/2020\/06\/workhome-300x200.jpg 300w\" sizes=\"auto, (max-width: 575px) 100vw, 575px\" \/><\/figure><\/div>\n\n\n\n<p>Esta ma\u00f1ana, en el programa Hoy por Hoy, de la Cadena SER, ha intervenido nuestro compa\u00f1ero <a href=\"https:\/\/www.audens.es\/leandro-nunez.php\">Leandro N\u00fa\u00f1ez<\/a>, para hablar de la nueva normativa sobre teletrabajo que el Gobierno se ha propuesto elaborar y la consulta p\u00fablica que se ha convocado a tal efecto.<\/p>\n\n\n\n<p>Foto: <a href=\"https:\/\/unsplash.com\/@christinhumephoto?utm_source=unsplash&amp;utm_medium=referral&amp;utm_content=creditCopyText\" target=\"_blank\" rel=\"noreferrer noopener\">Christin Hume<\/a> (v\u00eda Unsplash)<br>Puedes <a rel=\"noreferrer noopener\" href=\"https:\/\/play.cadenaser.com\/audio\/ser_madrid_hoyporhoymadrid_20200615_122000_140000\/\" target=\"_blank\">acceder al audio, a partir del minuto 1:12:40<\/a>.<\/p>\n","protected":false},"excerpt":{"rendered":"Esta ma\u00f1ana, nuestro compa\u00f1ero Leandro N\u00fa\u00f1ez ha intervenido en el programa Hoy por Hoy, de la Cadena SER, comentando algunas cuestiones sobre el teletrabajo. <A CLASS=\"read-more\" HREF=\"https:\/\/www.audens.es\/sala-de-prensa\/cadena-ser-cuestiones-sobre-el-teletrabajo\/\">[+]<\/A>","protected":false},"author":2,"featured_media":0,"comment_status":"closed","ping_status":"open","sticky":false,"template":"","format":"standard","meta":{"footnotes":""},"categories":[163],"tags":[7,115],"medio":[81],"organizador":[],"class_list":["post-808","post","type-post","status-publish","format-standard","hentry","category-radio","tag-leandro-nunez","tag-teletrabajo","medio-cadena-ser"],"_links":{"self":[{"href":"https:\/\/www.audens.es\/sala-de-prensa\/wp-json\/wp\/v2\/posts\/808","targetHints":{"allow":["GET"]}}],"collection":[{"href":"https:\/\/www.audens.es\/sala-de-prensa\/wp-json\/wp\/v2\/posts"}],"about":[{"href":"https:\/\/www.audens.es\/sala-de-prensa\/wp-json\/wp\/v2\/types\/post"}],"author":[{"embeddable":true,"href":"https:\/\/www.audens.es\/sala-de-prensa\/wp-json\/wp\/v2\/users\/2"}],"replies":[{"embeddable":true,"href":"https:\/\/www.audens.es\/sala-de-prensa\/wp-json\/wp\/v2\/comments?post=808"}],"version-history":[{"count":4,"href":"https:\/\/www.audens.es\/sala-de-prensa\/wp-json\/wp\/v2\/posts\/808\/revisions"}],"predecessor-version":[{"id":1093,"href":"https:\/\/www.audens.es\/sala-de-prensa\/wp-json\/wp\/v2\/posts\/808\/revisions\/1093"}],"wp:attachment":[{"href":"https:\/\/www.audens.es\/sala-de-prensa\/wp-json\/wp\/v2\/media?parent=808"}],"wp:term":[{"taxonomy":"category","embeddable":true,"href":"https:\/\/www.audens.es\/sala-de-prensa\/wp-json\/wp\/v2\/categories?post=808"},{"taxonomy":"post_tag","embeddable":true,"href":"https:\/\/www.audens.es\/sala-de-prensa\/wp-json\/wp\/v2\/tags?post=808"},{"taxonomy":"medio","embeddable":true,"href":"https:\/\/www.audens.es\/sala-de-prensa\/wp-json\/wp\/v2\/medio?post=808"},{"taxonomy":"organizador","embeddable":true,"href":"https:\/\/www.audens.es\/sala-de-prensa\/wp-json\/wp\/v2\/organizador?post=808"}],"curies":[{"name":"wp","href":"https:\/\/api.w.org\/{rel}","templated":true}]}}