{"id":801,"date":"2020-06-11T16:30:14","date_gmt":"2020-06-11T14:30:14","guid":{"rendered":"https:\/\/www.audens.es\/sala-de-prensa\/?p=801"},"modified":"2020-10-31T00:27:29","modified_gmt":"2020-10-30T23:27:29","slug":"confilegal-twitter-sancionada-por-su-politica-de-cookies","status":"publish","type":"post","link":"https:\/\/www.audens.es\/sala-de-prensa\/confilegal-twitter-sancionada-por-su-politica-de-cookies\/","title":{"rendered":"Twitter, sancionada por su pol\u00edtica de cookies"},"content":{"rendered":"\n<div class=\"wp-block-image\"><figure class=\"aligncenter size-large\"><img loading=\"lazy\" decoding=\"async\" width=\"575\" height=\"383\" src=\"https:\/\/www.audens.es\/sala-de-prensa\/wp-content\/uploads\/2020\/06\/twitter.jpg\" alt=\"\" class=\"wp-image-802\" srcset=\"https:\/\/www.audens.es\/sala-de-prensa\/wp-content\/uploads\/2020\/06\/twitter.jpg 575w, https:\/\/www.audens.es\/sala-de-prensa\/wp-content\/uploads\/2020\/06\/twitter-300x200.jpg 300w\" sizes=\"auto, (max-width: 575px) 100vw, 575px\" \/><\/figure><\/div>\n\n\n\n<p>Confilegal ha publicado una noticia acerca de la multa impuesta por la Agencia Espa\u00f1ola de Protecci\u00f3n de Datos a Twitter, por poner a disposici\u00f3n de los usuarios una pol\u00edtica de cookies que no se adecuaba a las recomendaciones de la propia AEPD. Participa en el art\u00edculo nuestro compa\u00f1ero <a href=\"https:\/\/www.audens.es\/leandro-nunez.php\">Leandro N\u00fa\u00f1ez<\/a>, aportando su visi\u00f3n sobre la sanci\u00f3n y sus circunstancias.<\/p>\n\n\n\n<p>Foto: <a rel=\"noreferrer noopener\" href=\"https:\/\/unsplash.com\/@yucelmoran?utm_source=unsplash&amp;utm_medium=referral&amp;utm_content=creditCopyText\" target=\"_blank\">Yucel Moran<\/a> (v\u00eda Unsplash)<br>Puedes <a rel=\"noreferrer noopener\" href=\"https:\/\/confilegal.com\/20200611-proteccion-de-datos-multa-a-twitter-con-30-000-euros-por-una-infraccion-leve-en-su-politica-de-cookies\/\" target=\"_blank\">leer la noticia completa<\/a>.<\/p>\n","protected":false},"excerpt":{"rendered":"Leandro N\u00fa\u00f1ez ha opinado para Confilegal acerca de la sanci\u00f3n impuesta a Twitter por no recabar adecuadamente el consentimiento para instalar cookies . <A CLASS=\"read-more\" HREF=\"https:\/\/www.audens.es\/sala-de-prensa\/confilegal-twitter-sancionada-por-su-politica-de-cookies\/\">[+]<\/A>","protected":false},"author":2,"featured_media":0,"comment_status":"closed","ping_status":"open","sticky":false,"template":"","format":"standard","meta":{"footnotes":""},"categories":[164],"tags":[125,7],"medio":[29],"organizador":[],"class_list":["post-801","post","type-post","status-publish","format-standard","hentry","category-prensa-escrita","tag-cookies","tag-leandro-nunez","medio-confilegal"],"_links":{"self":[{"href":"https:\/\/www.audens.es\/sala-de-prensa\/wp-json\/wp\/v2\/posts\/801","targetHints":{"allow":["GET"]}}],"collection":[{"href":"https:\/\/www.audens.es\/sala-de-prensa\/wp-json\/wp\/v2\/posts"}],"about":[{"href":"https:\/\/www.audens.es\/sala-de-prensa\/wp-json\/wp\/v2\/types\/post"}],"author":[{"embeddable":true,"href":"https:\/\/www.audens.es\/sala-de-prensa\/wp-json\/wp\/v2\/users\/2"}],"replies":[{"embeddable":true,"href":"https:\/\/www.audens.es\/sala-de-prensa\/wp-json\/wp\/v2\/comments?post=801"}],"version-history":[{"count":5,"href":"https:\/\/www.audens.es\/sala-de-prensa\/wp-json\/wp\/v2\/posts\/801\/revisions"}],"predecessor-version":[{"id":807,"href":"https:\/\/www.audens.es\/sala-de-prensa\/wp-json\/wp\/v2\/posts\/801\/revisions\/807"}],"wp:attachment":[{"href":"https:\/\/www.audens.es\/sala-de-prensa\/wp-json\/wp\/v2\/media?parent=801"}],"wp:term":[{"taxonomy":"category","embeddable":true,"href":"https:\/\/www.audens.es\/sala-de-prensa\/wp-json\/wp\/v2\/categories?post=801"},{"taxonomy":"post_tag","embeddable":true,"href":"https:\/\/www.audens.es\/sala-de-prensa\/wp-json\/wp\/v2\/tags?post=801"},{"taxonomy":"medio","embeddable":true,"href":"https:\/\/www.audens.es\/sala-de-prensa\/wp-json\/wp\/v2\/medio?post=801"},{"taxonomy":"organizador","embeddable":true,"href":"https:\/\/www.audens.es\/sala-de-prensa\/wp-json\/wp\/v2\/organizador?post=801"}],"curies":[{"name":"wp","href":"https:\/\/api.w.org\/{rel}","templated":true}]}}