{"id":773,"date":"2020-05-21T11:48:00","date_gmt":"2020-05-21T09:48:00","guid":{"rendered":"https:\/\/www.audens.es\/sala-de-prensa\/?p=773"},"modified":"2020-06-03T11:14:03","modified_gmt":"2020-06-03T09:14:03","slug":"retos-del-derecho-de-autor-en-la-musica-post-covid-19","status":"publish","type":"post","link":"https:\/\/www.audens.es\/sala-de-prensa\/retos-del-derecho-de-autor-en-la-musica-post-covid-19\/","title":{"rendered":"Retos del derecho de autor en la m\u00fasica post Covid-19"},"content":{"rendered":"\n<div class=\"wp-block-image\"><figure class=\"aligncenter size-full\"><img loading=\"lazy\" decoding=\"async\" width=\"575\" height=\"187\" src=\"https:\/\/www.audens.es\/sala-de-prensa\/wp-content\/uploads\/2020\/06\/abogados-crisis.png\" alt=\"\" class=\"wp-image-789\" srcset=\"https:\/\/www.audens.es\/sala-de-prensa\/wp-content\/uploads\/2020\/06\/abogados-crisis.png 575w, https:\/\/www.audens.es\/sala-de-prensa\/wp-content\/uploads\/2020\/06\/abogados-crisis-300x98.png 300w\" sizes=\"auto, (max-width: 575px) 100vw, 575px\" \/><\/figure><\/div>\n\n\n\n<p>El jueves 28 de mayo nuestra compa\u00f1era <a href=\"https:\/\/www.audens.es\/maitane-valdecantos.php\">Maitane Valdecantos<\/a> participar\u00e1 en \u00abAbogados contra la crisis\u00bb, una mesa redonda donde se abordar\u00e1 la problem\u00e1tica a la que se enfrenta el sector musical desde la perspectiva de los derechos de autor en la era post Covid-19.<\/p>\n\n\n\n<p>Puedes <a href=\"https:\/\/www.youtube.com\/watch?v=lH2xRh8VK2Y\" target=\"_blank\" rel=\"noreferrer noopener\">asistir a la mesa redonda desde casa<\/a>.<\/p>\n","protected":false},"excerpt":{"rendered":"Maitane Valdecantos participar\u00e1 en una mesa redonda donde se abordar\u00e1 la problem\u00e1tica a la que se enfrenta el sector musical desde la perspectiva de los derechos de autor en la era post Covid-19. <A CLASS=\"read-more\" HREF=\"https:\/\/www.audens.es\/sala-de-prensa\/retos-del-derecho-de-autor-en-la-musica-post-covid-19\/\">[+]<\/A>","protected":false},"author":2,"featured_media":0,"comment_status":"closed","ping_status":"open","sticky":false,"template":"","format":"standard","meta":{"footnotes":""},"categories":[2],"tags":[123,12,20],"medio":[],"organizador":[],"class_list":["post-773","post","type-post","status-publish","format-standard","hentry","category-eventos","tag-abogados-contra-la-crisis","tag-maitane-valdecantos","tag-propiedad-intelectual"],"_links":{"self":[{"href":"https:\/\/www.audens.es\/sala-de-prensa\/wp-json\/wp\/v2\/posts\/773","targetHints":{"allow":["GET"]}}],"collection":[{"href":"https:\/\/www.audens.es\/sala-de-prensa\/wp-json\/wp\/v2\/posts"}],"about":[{"href":"https:\/\/www.audens.es\/sala-de-prensa\/wp-json\/wp\/v2\/types\/post"}],"author":[{"embeddable":true,"href":"https:\/\/www.audens.es\/sala-de-prensa\/wp-json\/wp\/v2\/users\/2"}],"replies":[{"embeddable":true,"href":"https:\/\/www.audens.es\/sala-de-prensa\/wp-json\/wp\/v2\/comments?post=773"}],"version-history":[{"count":4,"href":"https:\/\/www.audens.es\/sala-de-prensa\/wp-json\/wp\/v2\/posts\/773\/revisions"}],"predecessor-version":[{"id":790,"href":"https:\/\/www.audens.es\/sala-de-prensa\/wp-json\/wp\/v2\/posts\/773\/revisions\/790"}],"wp:attachment":[{"href":"https:\/\/www.audens.es\/sala-de-prensa\/wp-json\/wp\/v2\/media?parent=773"}],"wp:term":[{"taxonomy":"category","embeddable":true,"href":"https:\/\/www.audens.es\/sala-de-prensa\/wp-json\/wp\/v2\/categories?post=773"},{"taxonomy":"post_tag","embeddable":true,"href":"https:\/\/www.audens.es\/sala-de-prensa\/wp-json\/wp\/v2\/tags?post=773"},{"taxonomy":"medio","embeddable":true,"href":"https:\/\/www.audens.es\/sala-de-prensa\/wp-json\/wp\/v2\/medio?post=773"},{"taxonomy":"organizador","embeddable":true,"href":"https:\/\/www.audens.es\/sala-de-prensa\/wp-json\/wp\/v2\/organizador?post=773"}],"curies":[{"name":"wp","href":"https:\/\/api.w.org\/{rel}","templated":true}]}}