{"id":770,"date":"2020-05-22T12:19:00","date_gmt":"2020-05-22T10:19:00","guid":{"rendered":"https:\/\/www.audens.es\/sala-de-prensa\/?p=770"},"modified":"2026-01-24T20:02:53","modified_gmt":"2026-01-24T19:02:53","slug":"cso-espana-la-privacidad-es-una-garantia-de-desarrollo","status":"publish","type":"post","link":"https:\/\/www.audens.es\/sala-de-prensa\/cso-espana-la-privacidad-es-una-garantia-de-desarrollo\/","title":{"rendered":"\u00abLa privacidad es una garant\u00eda de desarrollo\u00bb"},"content":{"rendered":"<div class=\"wp-block-image\">\n<figure class=\"aligncenter size-full\"><img loading=\"lazy\" decoding=\"async\" width=\"575\" height=\"323\" src=\"https:\/\/www.audens.es\/sala-de-prensa\/wp-content\/uploads\/2023\/12\/cso-judel.jpg\" alt=\"\" class=\"wp-image-2000\" srcset=\"https:\/\/www.audens.es\/sala-de-prensa\/wp-content\/uploads\/2023\/12\/cso-judel.jpg 575w, https:\/\/www.audens.es\/sala-de-prensa\/wp-content\/uploads\/2023\/12\/cso-judel-300x169.jpg 300w\" sizes=\"auto, (max-width: 575px) 100vw, 575px\" \/><\/figure>\n<\/div>\n\n\n<p>Nuestro compa\u00f1ero <a href=\"https:\/\/www.audens.es\/marcos-judel.php\">Marcos Judel<\/a>, como presidente de la Asociaci\u00f3n Profesional Espa\u00f1ola de Privacidad (APEP), ha sido entrevistado por la revista digital CSO Espa\u00f1a. Ha abordado aspectos como la incidencia de la pandemia en el derecho fundamental a la protecci\u00f3n de datos y la situaci\u00f3n actual de los profesionales de la privacidad en nuestro pa\u00eds.<\/p>\n\n\n\n<p>Puedes <a href=\"https:\/\/cso.computerworld.es\/pubs\/cso48\/\" target=\"_blank\" rel=\"noreferrer noopener\">leer la entrevista completa<\/a>.<\/p>\n","protected":false},"excerpt":{"rendered":"Marcos Judel ha sido entrevistado como presidente de APEP para la revista digital CSO Espa\u00f1a, acerca de la importancia de la figura del Delegado de Proteccion de Datos. <A CLASS=\"read-more\" HREF=\"https:\/\/www.audens.es\/sala-de-prensa\/cso-espana-la-privacidad-es-una-garantia-de-desarrollo\/\">[+]<\/A>","protected":false},"author":2,"featured_media":0,"comment_status":"closed","ping_status":"open","sticky":false,"template":"","format":"standard","meta":{"footnotes":""},"categories":[164],"tags":[15,13,23],"medio":[239],"organizador":[],"class_list":["post-770","post","type-post","status-publish","format-standard","hentry","category-prensa-escrita","tag-apep","tag-marcos-judel","tag-proteccion-de-datos","medio-computer-world"],"_links":{"self":[{"href":"https:\/\/www.audens.es\/sala-de-prensa\/wp-json\/wp\/v2\/posts\/770","targetHints":{"allow":["GET"]}}],"collection":[{"href":"https:\/\/www.audens.es\/sala-de-prensa\/wp-json\/wp\/v2\/posts"}],"about":[{"href":"https:\/\/www.audens.es\/sala-de-prensa\/wp-json\/wp\/v2\/types\/post"}],"author":[{"embeddable":true,"href":"https:\/\/www.audens.es\/sala-de-prensa\/wp-json\/wp\/v2\/users\/2"}],"replies":[{"embeddable":true,"href":"https:\/\/www.audens.es\/sala-de-prensa\/wp-json\/wp\/v2\/comments?post=770"}],"version-history":[{"count":4,"href":"https:\/\/www.audens.es\/sala-de-prensa\/wp-json\/wp\/v2\/posts\/770\/revisions"}],"predecessor-version":[{"id":2599,"href":"https:\/\/www.audens.es\/sala-de-prensa\/wp-json\/wp\/v2\/posts\/770\/revisions\/2599"}],"wp:attachment":[{"href":"https:\/\/www.audens.es\/sala-de-prensa\/wp-json\/wp\/v2\/media?parent=770"}],"wp:term":[{"taxonomy":"category","embeddable":true,"href":"https:\/\/www.audens.es\/sala-de-prensa\/wp-json\/wp\/v2\/categories?post=770"},{"taxonomy":"post_tag","embeddable":true,"href":"https:\/\/www.audens.es\/sala-de-prensa\/wp-json\/wp\/v2\/tags?post=770"},{"taxonomy":"medio","embeddable":true,"href":"https:\/\/www.audens.es\/sala-de-prensa\/wp-json\/wp\/v2\/medio?post=770"},{"taxonomy":"organizador","embeddable":true,"href":"https:\/\/www.audens.es\/sala-de-prensa\/wp-json\/wp\/v2\/organizador?post=770"}],"curies":[{"name":"wp","href":"https:\/\/api.w.org\/{rel}","templated":true}]}}