{"id":752,"date":"2020-03-02T16:30:00","date_gmt":"2020-03-02T15:30:00","guid":{"rendered":"https:\/\/www.audens.es\/sala-de-prensa\/?p=752"},"modified":"2020-10-31T00:29:49","modified_gmt":"2020-10-30T23:29:49","slug":"consumer-consecuencias-de-pagar-sin-iva","status":"publish","type":"post","link":"https:\/\/www.audens.es\/sala-de-prensa\/consumer-consecuencias-de-pagar-sin-iva\/","title":{"rendered":"Consecuencias de pagar sin IVA"},"content":{"rendered":"\n<div class=\"wp-block-image\"><figure class=\"aligncenter size-large\"><img loading=\"lazy\" decoding=\"async\" width=\"575\" height=\"383\" src=\"https:\/\/www.audens.es\/sala-de-prensa\/wp-content\/uploads\/2020\/04\/money.jpg\" alt=\"\" class=\"wp-image-753\" srcset=\"https:\/\/www.audens.es\/sala-de-prensa\/wp-content\/uploads\/2020\/04\/money.jpg 575w, https:\/\/www.audens.es\/sala-de-prensa\/wp-content\/uploads\/2020\/04\/money-300x200.jpg 300w\" sizes=\"auto, (max-width: 575px) 100vw, 575px\" \/><\/figure><\/div>\n\n\n\n<p>Eroski Consumer ha contado con la opini\u00f3n de nuestro compa\u00f1ero <a href=\"https:\/\/www.audens.es\/leandro-nunez.php\">Leandro N\u00fa\u00f1ez<\/a> para un art\u00edculo que trata sobre las consecuencias para los consumidores de comprar un producto o servicio sin abonar el IVA, tanto a nivel particular como para la econom\u00eda general.<\/p>\n\n\n\n<p>Foto: Photo by <a href=\"https:\/\/unsplash.com\/@markusspiske?utm_source=unsplash&amp;utm_medium=referral&amp;utm_content=creditCopyText\" target=\"_blank\" rel=\"noreferrer noopener\">Markus Spiske<\/a> (v\u00eda Unsplash)<a href=\"https:\/\/unsplash.com\/s\/photos\/money-euros?utm_source=unsplash&amp;utm_medium=referral&amp;utm_content=creditCopyText\"><\/a><br>Puedes <a rel=\"noreferrer noopener\" href=\"https:\/\/www.consumer.es\/economia-domestica\/finanzas\/pago-sin-iva-riesgos.html\" target=\"_blank\">leer el art\u00edculo completo<\/a>.<\/p>\n","protected":false},"excerpt":{"rendered":"Eroski Consumer ha contado con la opini\u00f3n de nuestro compa\u00f1ero Leandro N\u00fa\u00f1ez para un art\u00edculo que trata sobre las graves consecuencias de no pagar el IVA. <A CLASS=\"read-more\" HREF=\"https:\/\/www.audens.es\/sala-de-prensa\/consumer-consecuencias-de-pagar-sin-iva\/\">[+]<\/A>","protected":false},"author":2,"featured_media":0,"comment_status":"closed","ping_status":"open","sticky":false,"template":"","format":"standard","meta":{"footnotes":""},"categories":[164],"tags":[53,7],"medio":[119],"organizador":[],"class_list":["post-752","post","type-post","status-publish","format-standard","hentry","category-prensa-escrita","tag-consumidores-y-usuarios","tag-leandro-nunez","medio-eroski-consumer"],"_links":{"self":[{"href":"https:\/\/www.audens.es\/sala-de-prensa\/wp-json\/wp\/v2\/posts\/752","targetHints":{"allow":["GET"]}}],"collection":[{"href":"https:\/\/www.audens.es\/sala-de-prensa\/wp-json\/wp\/v2\/posts"}],"about":[{"href":"https:\/\/www.audens.es\/sala-de-prensa\/wp-json\/wp\/v2\/types\/post"}],"author":[{"embeddable":true,"href":"https:\/\/www.audens.es\/sala-de-prensa\/wp-json\/wp\/v2\/users\/2"}],"replies":[{"embeddable":true,"href":"https:\/\/www.audens.es\/sala-de-prensa\/wp-json\/wp\/v2\/comments?post=752"}],"version-history":[{"count":3,"href":"https:\/\/www.audens.es\/sala-de-prensa\/wp-json\/wp\/v2\/posts\/752\/revisions"}],"predecessor-version":[{"id":757,"href":"https:\/\/www.audens.es\/sala-de-prensa\/wp-json\/wp\/v2\/posts\/752\/revisions\/757"}],"wp:attachment":[{"href":"https:\/\/www.audens.es\/sala-de-prensa\/wp-json\/wp\/v2\/media?parent=752"}],"wp:term":[{"taxonomy":"category","embeddable":true,"href":"https:\/\/www.audens.es\/sala-de-prensa\/wp-json\/wp\/v2\/categories?post=752"},{"taxonomy":"post_tag","embeddable":true,"href":"https:\/\/www.audens.es\/sala-de-prensa\/wp-json\/wp\/v2\/tags?post=752"},{"taxonomy":"medio","embeddable":true,"href":"https:\/\/www.audens.es\/sala-de-prensa\/wp-json\/wp\/v2\/medio?post=752"},{"taxonomy":"organizador","embeddable":true,"href":"https:\/\/www.audens.es\/sala-de-prensa\/wp-json\/wp\/v2\/organizador?post=752"}],"curies":[{"name":"wp","href":"https:\/\/api.w.org\/{rel}","templated":true}]}}