{"id":667,"date":"2020-03-03T14:00:00","date_gmt":"2020-03-03T13:00:00","guid":{"rendered":"https:\/\/www.audens.es\/sala-de-prensa\/?p=667"},"modified":"2020-10-31T00:29:43","modified_gmt":"2020-10-30T23:29:43","slug":"la-vanguardia-no-difundas-fotos-o-videos-intimos-en-la-red","status":"publish","type":"post","link":"https:\/\/www.audens.es\/sala-de-prensa\/la-vanguardia-no-difundas-fotos-o-videos-intimos-en-la-red\/","title":{"rendered":"No difundas fotos o v\u00eddeos \u00edntimos en la Red"},"content":{"rendered":"\n<div class=\"wp-block-image\"><figure class=\"aligncenter size-large\"><img loading=\"lazy\" decoding=\"async\" width=\"575\" height=\"383\" src=\"https:\/\/www.audens.es\/sala-de-prensa\/wp-content\/uploads\/2020\/03\/difusion-1.jpg\" alt=\"\" class=\"wp-image-670\" srcset=\"https:\/\/www.audens.es\/sala-de-prensa\/wp-content\/uploads\/2020\/03\/difusion-1.jpg 575w, https:\/\/www.audens.es\/sala-de-prensa\/wp-content\/uploads\/2020\/03\/difusion-1-300x200.jpg 300w\" sizes=\"auto, (max-width: 575px) 100vw, 575px\" \/><\/figure><\/div>\n\n\n\n<p>La Vanguardia ha publicado una noticia acerca de las consecuencias que tiene la difusi\u00f3n de im\u00e1genes o v\u00eddeos ajenos, sin consentimiento del protagonista. Para ello han contado con la opini\u00f3n de nuestro compa\u00f1ero <a href=\"https:\/\/www.audens.es\/leandro-nunez.php\">Leandro N\u00fa\u00f1ez<\/a>, como experto en protecci\u00f3n de datos y propiedad intelectual.<\/p>\n\n\n\n<p>Foto: <a href=\"https:\/\/unsplash.com\/@paul_?utm_source=unsplash&amp;utm_medium=referral&amp;utm_content=creditCopyText\">Paul Hanaoka<\/a> (v\u00eda Unsplash)<br>Puedes <a rel=\"noreferrer noopener\" aria-label=\"leer la entrevista completa (se abre en una nueva pesta\u00f1a)\" href=\"https:\/\/www.lavanguardia.com\/vivo\/lifestyle\/20200303\/473827219541\/denunciar-fotos-redes-sociales-privacidad.html\" target=\"_blank\">leer la entrevista completa<\/a>.<\/p>\n","protected":false},"excerpt":{"rendered":"Leandro N\u00fa\u00f1ez ha opinado para La Vanguardia acerca de las consecuencias de difundir v\u00eddeos o im\u00e1genes de otras personas, sin previo consentimiento. <A CLASS=\"read-more\" HREF=\"https:\/\/www.audens.es\/sala-de-prensa\/la-vanguardia-no-difundas-fotos-o-videos-intimos-en-la-red\/\">[+]<\/A>","protected":false},"author":2,"featured_media":0,"comment_status":"closed","ping_status":"open","sticky":false,"template":"","format":"standard","meta":{"footnotes":""},"categories":[164],"tags":[72,7,23],"medio":[47],"organizador":[],"class_list":["post-667","post","type-post","status-publish","format-standard","hentry","category-prensa-escrita","tag-derechos-de-imagen","tag-leandro-nunez","tag-proteccion-de-datos","medio-la-vanguardia"],"_links":{"self":[{"href":"https:\/\/www.audens.es\/sala-de-prensa\/wp-json\/wp\/v2\/posts\/667","targetHints":{"allow":["GET"]}}],"collection":[{"href":"https:\/\/www.audens.es\/sala-de-prensa\/wp-json\/wp\/v2\/posts"}],"about":[{"href":"https:\/\/www.audens.es\/sala-de-prensa\/wp-json\/wp\/v2\/types\/post"}],"author":[{"embeddable":true,"href":"https:\/\/www.audens.es\/sala-de-prensa\/wp-json\/wp\/v2\/users\/2"}],"replies":[{"embeddable":true,"href":"https:\/\/www.audens.es\/sala-de-prensa\/wp-json\/wp\/v2\/comments?post=667"}],"version-history":[{"count":2,"href":"https:\/\/www.audens.es\/sala-de-prensa\/wp-json\/wp\/v2\/posts\/667\/revisions"}],"predecessor-version":[{"id":683,"href":"https:\/\/www.audens.es\/sala-de-prensa\/wp-json\/wp\/v2\/posts\/667\/revisions\/683"}],"wp:attachment":[{"href":"https:\/\/www.audens.es\/sala-de-prensa\/wp-json\/wp\/v2\/media?parent=667"}],"wp:term":[{"taxonomy":"category","embeddable":true,"href":"https:\/\/www.audens.es\/sala-de-prensa\/wp-json\/wp\/v2\/categories?post=667"},{"taxonomy":"post_tag","embeddable":true,"href":"https:\/\/www.audens.es\/sala-de-prensa\/wp-json\/wp\/v2\/tags?post=667"},{"taxonomy":"medio","embeddable":true,"href":"https:\/\/www.audens.es\/sala-de-prensa\/wp-json\/wp\/v2\/medio?post=667"},{"taxonomy":"organizador","embeddable":true,"href":"https:\/\/www.audens.es\/sala-de-prensa\/wp-json\/wp\/v2\/organizador?post=667"}],"curies":[{"name":"wp","href":"https:\/\/api.w.org\/{rel}","templated":true}]}}