{"id":66,"date":"2019-02-09T18:00:02","date_gmt":"2019-02-09T17:00:02","guid":{"rendered":"https:\/\/www.audens.es\/sala-de-prensa\/?p=66"},"modified":"2020-10-31T00:33:44","modified_gmt":"2020-10-30T23:33:44","slug":"el-espanol-las-calumnias-en-internet-prescriben-al-ano-pero-siguen-en-la-red","status":"publish","type":"post","link":"https:\/\/www.audens.es\/sala-de-prensa\/el-espanol-las-calumnias-en-internet-prescriben-al-ano-pero-siguen-en-la-red\/","title":{"rendered":"Las calumnias en Internet prescriben al a\u00f1o, aun permaneciendo publicadas"},"content":{"rendered":"\n<div class=\"wp-block-image\"><figure class=\"aligncenter size-full\"><img loading=\"lazy\" decoding=\"async\" width=\"575\" height=\"384\" src=\"https:\/\/www.audens.es\/sala-de-prensa\/wp-content\/uploads\/2020\/01\/calumnias.jpg\" alt=\"\" class=\"wp-image-611\" srcset=\"https:\/\/www.audens.es\/sala-de-prensa\/wp-content\/uploads\/2020\/01\/calumnias.jpg 575w, https:\/\/www.audens.es\/sala-de-prensa\/wp-content\/uploads\/2020\/01\/calumnias-300x200.jpg 300w\" sizes=\"auto, (max-width: 575px) 100vw, 575px\" \/><\/figure><\/div>\n\n\n\n<p>La Audiencia Provincial de Barcelona ha resuelto que los delitos de calumnia en Internet no tienen car\u00e1cter continuado: prescribir\u00edan a los 12 meses desde su publicaci\u00f3n. El Espa\u00f1ol aborda la noticia, para lo que ha contado con la opini\u00f3n de nuestro compa\u00f1ero <a href=\"https:\/\/www.audens.es\/leandro-nunez.php\">Leandro N\u00fa\u00f1ez<\/a>.<\/p>\n\n\n\n<p>Foto: <a href=\"https:\/\/unsplash.com\/@dre0316\" target=\"_blank\" rel=\"noreferrer noopener\" aria-label=\" (se abre en una nueva pesta\u00f1a)\">Andre Hunter<\/a> (v\u00eda <a href=\"https:\/\/unsplash.com\/s\/photos\/angry?utm_source=unsplash&amp;utm_medium=referral&amp;utm_content=creditCopyText\">Unsplash<\/a>)<br>Lee la <a rel=\"noreferrer noopener\" aria-label=\"noticia completa (abre en una nueva pesta\u00f1a)\" href=\"https:\/\/omicrono.elespanol.com\/2019\/02\/las-mentiras-de-internet-prescriben-al-ano\/\" target=\"_blank\">noticia completa<\/a>.<\/p>\n","protected":false},"excerpt":{"rendered":"La Audiencia Provincial de Barcelona ha resuelto que los delitos de calumnia en Internet no tienen car\u00e1cter continuado: prescribir\u00edan a los 12 meses desde su publicaci\u00f3n. El Espa\u00f1ol aborda la noticia, para lo que ha contado con la opini\u00f3n de nuestro compa\u00f1ero Leandro N\u00fa\u00f1ez. Foto: Andre Hunter (v\u00eda Unsplash)Lee la noticia completa. <A CLASS=\"read-more\" HREF=\"https:\/\/www.audens.es\/sala-de-prensa\/el-espanol-las-calumnias-en-internet-prescriben-al-ano-pero-siguen-en-la-red\/\">[+]<\/A>","protected":false},"author":1,"featured_media":0,"comment_status":"closed","ping_status":"open","sticky":false,"template":"","format":"standard","meta":{"footnotes":""},"categories":[164],"tags":[7,31],"medio":[28],"organizador":[],"class_list":["post-66","post","type-post","status-publish","format-standard","hentry","category-prensa-escrita","tag-leandro-nunez","tag-reputacion-online","medio-el-espanol"],"_links":{"self":[{"href":"https:\/\/www.audens.es\/sala-de-prensa\/wp-json\/wp\/v2\/posts\/66","targetHints":{"allow":["GET"]}}],"collection":[{"href":"https:\/\/www.audens.es\/sala-de-prensa\/wp-json\/wp\/v2\/posts"}],"about":[{"href":"https:\/\/www.audens.es\/sala-de-prensa\/wp-json\/wp\/v2\/types\/post"}],"author":[{"embeddable":true,"href":"https:\/\/www.audens.es\/sala-de-prensa\/wp-json\/wp\/v2\/users\/1"}],"replies":[{"embeddable":true,"href":"https:\/\/www.audens.es\/sala-de-prensa\/wp-json\/wp\/v2\/comments?post=66"}],"version-history":[{"count":3,"href":"https:\/\/www.audens.es\/sala-de-prensa\/wp-json\/wp\/v2\/posts\/66\/revisions"}],"predecessor-version":[{"id":616,"href":"https:\/\/www.audens.es\/sala-de-prensa\/wp-json\/wp\/v2\/posts\/66\/revisions\/616"}],"wp:attachment":[{"href":"https:\/\/www.audens.es\/sala-de-prensa\/wp-json\/wp\/v2\/media?parent=66"}],"wp:term":[{"taxonomy":"category","embeddable":true,"href":"https:\/\/www.audens.es\/sala-de-prensa\/wp-json\/wp\/v2\/categories?post=66"},{"taxonomy":"post_tag","embeddable":true,"href":"https:\/\/www.audens.es\/sala-de-prensa\/wp-json\/wp\/v2\/tags?post=66"},{"taxonomy":"medio","embeddable":true,"href":"https:\/\/www.audens.es\/sala-de-prensa\/wp-json\/wp\/v2\/medio?post=66"},{"taxonomy":"organizador","embeddable":true,"href":"https:\/\/www.audens.es\/sala-de-prensa\/wp-json\/wp\/v2\/organizador?post=66"}],"curies":[{"name":"wp","href":"https:\/\/api.w.org\/{rel}","templated":true}]}}