{"id":644,"date":"2020-02-04T16:00:00","date_gmt":"2020-02-04T15:00:00","guid":{"rendered":"https:\/\/www.audens.es\/sala-de-prensa\/?p=644"},"modified":"2026-01-24T20:05:39","modified_gmt":"2026-01-24T19:05:39","slug":"burgosconecta-reconocimiento-facial-vigilancia-y-privacidad","status":"publish","type":"post","link":"https:\/\/www.audens.es\/sala-de-prensa\/burgosconecta-reconocimiento-facial-vigilancia-y-privacidad\/","title":{"rendered":"Reconocimiento facial, videovigilancia y privacidad"},"content":{"rendered":"\n<div class=\"wp-block-image\"><figure class=\"aligncenter size-full\"><img loading=\"lazy\" decoding=\"async\" width=\"575\" height=\"383\" src=\"https:\/\/www.audens.es\/sala-de-prensa\/wp-content\/uploads\/2020\/02\/camara.jpeg\" alt=\"\" class=\"wp-image-646\" srcset=\"https:\/\/www.audens.es\/sala-de-prensa\/wp-content\/uploads\/2020\/02\/camara.jpeg 575w, https:\/\/www.audens.es\/sala-de-prensa\/wp-content\/uploads\/2020\/02\/camara-300x200.jpeg 300w\" sizes=\"auto, (max-width: 575px) 100vw, 575px\" \/><\/figure><\/div>\n\n\n\n<p>Con motivo de la implementaci\u00f3n de un nuevo sistema de reconocimiento facial en Londres para prevenir y perseguir delitos, BURGOSconecta ha publicado un art\u00edculo en el que ha contado con la opini\u00f3n de <a href=\"https:\/\/www.audens.es\/marcos-judel.php\">Marcos Judel<\/a>, como presidente de la Asociaci\u00f3n Profesional Espa\u00f1ola de Privacidad (APEP), para dar su punto de vista sobre los riesgos derivados del mal uso de estas tecnolog\u00edas.<\/p>\n\n\n\n<p>Foto: <a href=\"https:\/\/unsplash.com\/@matthewhenry?utm_source=unsplash&amp;utm_medium=referral&amp;utm_content=creditCopyText\" target=\"_blank\" rel=\"noreferrer noopener\" aria-label=\" (se abre en una nueva pesta\u00f1a)\">Matthew Henry<\/a> (v\u00eda Unsplash)<br>Puedes <a rel=\"noreferrer noopener\" aria-label=\"leer la entrevista completa (se abre en una nueva pesta\u00f1a)\" href=\"https:\/\/www.burgosconecta.es\/tecnologia\/internet\/reconocimiento-facial-delito-policia-londres-informa-mes-que-viene-usara-polemica-tecnologia-inteligencia-artificial-sofware-20200204120324-ntrc.html\" target=\"_blank\">leer la entrevista completa<\/a>.<\/p>\n","protected":false},"excerpt":{"rendered":"Marcos Judel valora para BURGOSconecta los riesgos que puede acarrear, en cuanto a privacidad, la inteligencia artificial. <A CLASS=\"read-more\" HREF=\"https:\/\/www.audens.es\/sala-de-prensa\/burgosconecta-reconocimiento-facial-vigilancia-y-privacidad\/\">[+]<\/A>","protected":false},"author":2,"featured_media":0,"comment_status":"closed","ping_status":"open","sticky":false,"template":"","format":"standard","meta":{"footnotes":""},"categories":[164],"tags":[15,13,23],"medio":[111],"organizador":[],"class_list":["post-644","post","type-post","status-publish","format-standard","hentry","category-prensa-escrita","tag-apep","tag-marcos-judel","tag-proteccion-de-datos","medio-burgosconecta"],"_links":{"self":[{"href":"https:\/\/www.audens.es\/sala-de-prensa\/wp-json\/wp\/v2\/posts\/644","targetHints":{"allow":["GET"]}}],"collection":[{"href":"https:\/\/www.audens.es\/sala-de-prensa\/wp-json\/wp\/v2\/posts"}],"about":[{"href":"https:\/\/www.audens.es\/sala-de-prensa\/wp-json\/wp\/v2\/types\/post"}],"author":[{"embeddable":true,"href":"https:\/\/www.audens.es\/sala-de-prensa\/wp-json\/wp\/v2\/users\/2"}],"replies":[{"embeddable":true,"href":"https:\/\/www.audens.es\/sala-de-prensa\/wp-json\/wp\/v2\/comments?post=644"}],"version-history":[{"count":6,"href":"https:\/\/www.audens.es\/sala-de-prensa\/wp-json\/wp\/v2\/posts\/644\/revisions"}],"predecessor-version":[{"id":2600,"href":"https:\/\/www.audens.es\/sala-de-prensa\/wp-json\/wp\/v2\/posts\/644\/revisions\/2600"}],"wp:attachment":[{"href":"https:\/\/www.audens.es\/sala-de-prensa\/wp-json\/wp\/v2\/media?parent=644"}],"wp:term":[{"taxonomy":"category","embeddable":true,"href":"https:\/\/www.audens.es\/sala-de-prensa\/wp-json\/wp\/v2\/categories?post=644"},{"taxonomy":"post_tag","embeddable":true,"href":"https:\/\/www.audens.es\/sala-de-prensa\/wp-json\/wp\/v2\/tags?post=644"},{"taxonomy":"medio","embeddable":true,"href":"https:\/\/www.audens.es\/sala-de-prensa\/wp-json\/wp\/v2\/medio?post=644"},{"taxonomy":"organizador","embeddable":true,"href":"https:\/\/www.audens.es\/sala-de-prensa\/wp-json\/wp\/v2\/organizador?post=644"}],"curies":[{"name":"wp","href":"https:\/\/api.w.org\/{rel}","templated":true}]}}