{"id":63,"date":"2019-05-06T22:00:08","date_gmt":"2019-05-06T20:00:08","guid":{"rendered":"https:\/\/www.audens.es\/sala-de-prensa\/?p=63"},"modified":"2020-10-31T00:33:02","modified_gmt":"2020-10-30T23:33:02","slug":"confilegal-luces-y-sombras-del-nuevo-testamento-digital","status":"publish","type":"post","link":"https:\/\/www.audens.es\/sala-de-prensa\/confilegal-luces-y-sombras-del-nuevo-testamento-digital\/","title":{"rendered":"Luces y sombras del nuevo testamento digital"},"content":{"rendered":"\n<div class=\"wp-block-image\"><figure class=\"aligncenter size-full\"><img loading=\"lazy\" decoding=\"async\" width=\"575\" height=\"384\" src=\"https:\/\/www.audens.es\/sala-de-prensa\/wp-content\/uploads\/2020\/01\/testamento-digital.jpg\" alt=\"\" class=\"wp-image-596\" srcset=\"https:\/\/www.audens.es\/sala-de-prensa\/wp-content\/uploads\/2020\/01\/testamento-digital.jpg 575w, https:\/\/www.audens.es\/sala-de-prensa\/wp-content\/uploads\/2020\/01\/testamento-digital-300x200.jpg 300w\" sizes=\"auto, (max-width: 575px) 100vw, 575px\" \/><\/figure><\/div>\n\n\n\n<p>La nueva Ley Org\u00e1nica de Protecci\u00f3n de Datos y de Garant\u00edas de los Derechos Digitales (LOPDGDD) ha tratado de responder a una pregunta aparentemente sencilla: \u00bfqu\u00e9 ocurre con los datos personales publicados en Internet de un ciudadano, cuando fallece? Confilegal lo analiza, y cuenta para ello con la opini\u00f3n de nuestro compa\u00f1ero <a href=\"https:\/\/www.audens.es\/leandro-nunez.php\">Leandro N\u00fa\u00f1ez<\/a>.<\/p>\n\n\n\n<p>Foto: <a rel=\"noreferrer noopener\" aria-label=\" (se abre en una nueva pesta\u00f1a)\" href=\"https:\/\/unsplash.com\/@helloquence\" target=\"_blank\">Helloquence<\/a> (v\u00eda Unsplash)<br>Lee la <a rel=\"noreferrer noopener\" aria-label=\" (abre en una nueva pesta\u00f1a)\" href=\"https:\/\/confilegal.com\/20190506-luces-y-sombras-del-nuevo-testamento-digital-reflejado-en-la-lopdgdd\/\" target=\"_blank\">noticia completa<\/a>.<\/p>\n","protected":false},"excerpt":{"rendered":"La nueva Ley Org\u00e1nica de Protecci\u00f3n de Datos y de Garant\u00edas de los Derechos Digitales (LOPDGDD) ha tratado de responder a una pregunta aparentemente sencilla: \u00bfqu\u00e9 ocurre con los datos personales publicados en Internet de un ciudadano, cuando fallece? Confilegal lo analiza, y cuenta para ello con la opini\u00f3n de nuestro compa\u00f1ero Leandro N\u00fa\u00f1ez. Foto: [&hellip;] <A CLASS=\"read-more\" HREF=\"https:\/\/www.audens.es\/sala-de-prensa\/confilegal-luces-y-sombras-del-nuevo-testamento-digital\/\">[+]<\/A>","protected":false},"author":1,"featured_media":0,"comment_status":"closed","ping_status":"open","sticky":false,"template":"","format":"standard","meta":{"footnotes":""},"categories":[164],"tags":[7,30],"medio":[29],"organizador":[],"class_list":["post-63","post","type-post","status-publish","format-standard","hentry","category-prensa-escrita","tag-leandro-nunez","tag-testamento-digital","medio-confilegal"],"_links":{"self":[{"href":"https:\/\/www.audens.es\/sala-de-prensa\/wp-json\/wp\/v2\/posts\/63","targetHints":{"allow":["GET"]}}],"collection":[{"href":"https:\/\/www.audens.es\/sala-de-prensa\/wp-json\/wp\/v2\/posts"}],"about":[{"href":"https:\/\/www.audens.es\/sala-de-prensa\/wp-json\/wp\/v2\/types\/post"}],"author":[{"embeddable":true,"href":"https:\/\/www.audens.es\/sala-de-prensa\/wp-json\/wp\/v2\/users\/1"}],"replies":[{"embeddable":true,"href":"https:\/\/www.audens.es\/sala-de-prensa\/wp-json\/wp\/v2\/comments?post=63"}],"version-history":[{"count":2,"href":"https:\/\/www.audens.es\/sala-de-prensa\/wp-json\/wp\/v2\/posts\/63\/revisions"}],"predecessor-version":[{"id":597,"href":"https:\/\/www.audens.es\/sala-de-prensa\/wp-json\/wp\/v2\/posts\/63\/revisions\/597"}],"wp:attachment":[{"href":"https:\/\/www.audens.es\/sala-de-prensa\/wp-json\/wp\/v2\/media?parent=63"}],"wp:term":[{"taxonomy":"category","embeddable":true,"href":"https:\/\/www.audens.es\/sala-de-prensa\/wp-json\/wp\/v2\/categories?post=63"},{"taxonomy":"post_tag","embeddable":true,"href":"https:\/\/www.audens.es\/sala-de-prensa\/wp-json\/wp\/v2\/tags?post=63"},{"taxonomy":"medio","embeddable":true,"href":"https:\/\/www.audens.es\/sala-de-prensa\/wp-json\/wp\/v2\/medio?post=63"},{"taxonomy":"organizador","embeddable":true,"href":"https:\/\/www.audens.es\/sala-de-prensa\/wp-json\/wp\/v2\/organizador?post=63"}],"curies":[{"name":"wp","href":"https:\/\/api.w.org\/{rel}","templated":true}]}}