{"id":50,"date":"2018-12-07T10:00:26","date_gmt":"2018-12-07T09:00:26","guid":{"rendered":"https:\/\/www.audens.es\/sala-de-prensa\/?p=50"},"modified":"2019-06-09T13:53:27","modified_gmt":"2019-06-09T11:53:27","slug":"vii-jornadas-sobre-cuestiones-practicas-de-derecho-procesal-civil","status":"publish","type":"post","link":"https:\/\/www.audens.es\/sala-de-prensa\/vii-jornadas-sobre-cuestiones-practicas-de-derecho-procesal-civil\/","title":{"rendered":"VII Jornadas sobre Cuestiones Pr\u00e1cticas de Derecho Procesal Civil"},"content":{"rendered":"\n<div class=\"wp-block-image\"><figure class=\"aligncenter\"><a href=\"http:\/\/www.icavigo.es\/documentos\/Programa%20Septimas%20Jornadas%20sobre%20cuestiones%20pr%C3%A1cticas%20de%20Derecho%20Procesal%20Civil%20actualizado.pdf\" target=\"_blank\" rel=\"noreferrer noopener\"><img loading=\"lazy\" decoding=\"async\" width=\"575\" height=\"488\" src=\"https:\/\/www.audens.es\/sala-de-prensa\/wp-content\/uploads\/2019\/06\/icavigo.jpg\" alt=\"VII Jornadas sobre Cuestiones Pr\u00e1cticas de Derecho Procesal Civil\" class=\"wp-image-51\" srcset=\"https:\/\/www.audens.es\/sala-de-prensa\/wp-content\/uploads\/2019\/06\/icavigo.jpg 575w, https:\/\/www.audens.es\/sala-de-prensa\/wp-content\/uploads\/2019\/06\/icavigo-300x255.jpg 300w\" sizes=\"auto, (max-width: 575px) 100vw, 575px\" \/><\/a><\/figure><\/div>\n\n\n\n<p>Nuestro compa\u00f1ero<a href=\"https:\/\/www.audens.es\/leandro-nunez.php\"> Leandro N\u00fa\u00f1ez<\/a> participar\u00e1 el pr\u00f3ximo 14 de diciembre, en Vigo, en las VII Jornadas sobre Cuestiones Pr\u00e1cticas de Derecho Procesal Civil, que coorganizan el Colegio de Abogados de la ciudad ol\u00edvica y la Universidade de Vigo. Su ponencia abordar\u00e1 las diferentes v\u00edas de protecci\u00f3n del honor, la intimidad y la propia imagen frente a ataques en redes sociales.<\/p>\n\n\n\n<p>Si quieres asistir, puedes <a href=\"http:\/\/www.icavigo.es\/documentos\/Programa%20Septimas%20Jornadas%20sobre%20cuestiones%20pr%C3%A1cticas%20de%20Derecho%20Procesal%20Civil%20actualizado.pdf\" target=\"_blank\" rel=\"noreferrer noopener\" aria-label=\" (abre en una nueva pesta\u00f1a)\">consultar el programa e inscribirte<\/a>.<\/p>\n","protected":false},"excerpt":{"rendered":"Nuestro compa\u00f1ero Leandro N\u00fa\u00f1ez participar\u00e1 el pr\u00f3ximo 14 de diciembre, en Vigo, en las VII Jornadas sobre Cuestiones Pr\u00e1cticas de Derecho Procesal Civil, que coorganizan el Colegio de Abogados de la ciudad ol\u00edvica y la Universidade de Vigo. Su ponencia abordar\u00e1 las diferentes v\u00edas de protecci\u00f3n del honor, la intimidad y la propia imagen frente [&hellip;] <A CLASS=\"read-more\" HREF=\"https:\/\/www.audens.es\/sala-de-prensa\/vii-jornadas-sobre-cuestiones-practicas-de-derecho-procesal-civil\/\">[+]<\/A>","protected":false},"author":1,"featured_media":0,"comment_status":"closed","ping_status":"open","sticky":false,"template":"","format":"standard","meta":{"footnotes":""},"categories":[2],"tags":[7,31],"medio":[],"organizador":[],"class_list":["post-50","post","type-post","status-publish","format-standard","hentry","category-eventos","tag-leandro-nunez","tag-reputacion-online"],"_links":{"self":[{"href":"https:\/\/www.audens.es\/sala-de-prensa\/wp-json\/wp\/v2\/posts\/50","targetHints":{"allow":["GET"]}}],"collection":[{"href":"https:\/\/www.audens.es\/sala-de-prensa\/wp-json\/wp\/v2\/posts"}],"about":[{"href":"https:\/\/www.audens.es\/sala-de-prensa\/wp-json\/wp\/v2\/types\/post"}],"author":[{"embeddable":true,"href":"https:\/\/www.audens.es\/sala-de-prensa\/wp-json\/wp\/v2\/users\/1"}],"replies":[{"embeddable":true,"href":"https:\/\/www.audens.es\/sala-de-prensa\/wp-json\/wp\/v2\/comments?post=50"}],"version-history":[{"count":1,"href":"https:\/\/www.audens.es\/sala-de-prensa\/wp-json\/wp\/v2\/posts\/50\/revisions"}],"predecessor-version":[{"id":52,"href":"https:\/\/www.audens.es\/sala-de-prensa\/wp-json\/wp\/v2\/posts\/50\/revisions\/52"}],"wp:attachment":[{"href":"https:\/\/www.audens.es\/sala-de-prensa\/wp-json\/wp\/v2\/media?parent=50"}],"wp:term":[{"taxonomy":"category","embeddable":true,"href":"https:\/\/www.audens.es\/sala-de-prensa\/wp-json\/wp\/v2\/categories?post=50"},{"taxonomy":"post_tag","embeddable":true,"href":"https:\/\/www.audens.es\/sala-de-prensa\/wp-json\/wp\/v2\/tags?post=50"},{"taxonomy":"medio","embeddable":true,"href":"https:\/\/www.audens.es\/sala-de-prensa\/wp-json\/wp\/v2\/medio?post=50"},{"taxonomy":"organizador","embeddable":true,"href":"https:\/\/www.audens.es\/sala-de-prensa\/wp-json\/wp\/v2\/organizador?post=50"}],"curies":[{"name":"wp","href":"https:\/\/api.w.org\/{rel}","templated":true}]}}