{"id":442,"date":"2019-11-06T12:44:44","date_gmt":"2019-11-06T11:44:44","guid":{"rendered":"https:\/\/www.audens.es\/sala-de-prensa\/?p=442"},"modified":"2019-11-06T12:46:46","modified_gmt":"2019-11-06T11:46:46","slug":"vi-encuentro-de-guionistas","status":"publish","type":"post","link":"https:\/\/www.audens.es\/sala-de-prensa\/vi-encuentro-de-guionistas\/","title":{"rendered":"VI Encuentro de Guionistas"},"content":{"rendered":"\n<figure class=\"wp-block-image\"><a href=\"https:\/\/www.encuentroguionistas.com\/programa\/\" target=\"_blank\" rel=\"noreferrer noopener\"><img loading=\"lazy\" decoding=\"async\" width=\"575\" height=\"443\" src=\"https:\/\/www.audens.es\/sala-de-prensa\/wp-content\/uploads\/2019\/11\/encuentro.png\" alt=\"\" class=\"wp-image-448\" srcset=\"https:\/\/www.audens.es\/sala-de-prensa\/wp-content\/uploads\/2019\/11\/encuentro.png 575w, https:\/\/www.audens.es\/sala-de-prensa\/wp-content\/uploads\/2019\/11\/encuentro-300x231.png 300w\" sizes=\"auto, (max-width: 575px) 100vw, 575px\" \/><\/a><\/figure>\n\n\n\n<p>Del 14 al 16 de noviembre se celebrar\u00e1 en Bilbao el VI Encuentro de Guionistas, organizado por la Asociaci\u00f3n Encuentro, creada por el sindicato ALMA y el Foro de Asociaciones de Guionistas Audiovisuales. El d\u00eda 15, nuestra compa\u00f1era <a href=\"https:\/\/www.audens.es\/maitane-valdecantos.php\">Maitane Valdecantos<\/a> impartir\u00e1 una ponencia sobre la nueva directiva de derechos de autor en el mercado \u00fanico digital.<\/p>\n\n\n\n<p>Para m\u00e1s informaci\u00f3n, <a href=\"https:\/\/www.encuentroguionistas.com\/inscri\/\" target=\"_blank\" rel=\"noreferrer noopener\" aria-label=\"puedes consultar el programa e inscribirte (abre en una nueva pesta\u00f1a)\">puedes consultar el programa e inscribirte<\/a>.<\/p>\n","protected":false},"excerpt":{"rendered":"Del 14 al 16 de noviembre se celebrar\u00e1 en Bilbao el VI Encuentro de Guionistas. Nuestra compa\u00f1era Maitane Valdecantos impartir\u00e1 una ponencia sobre la nueva directiva de derechos de autor en el mercado \u00fanico digital. <A CLASS=\"read-more\" HREF=\"https:\/\/www.audens.es\/sala-de-prensa\/vi-encuentro-de-guionistas\/\">[+]<\/A>","protected":false},"author":2,"featured_media":0,"comment_status":"closed","ping_status":"open","sticky":false,"template":"","format":"standard","meta":{"footnotes":""},"categories":[2],"tags":[96,12,20],"medio":[],"organizador":[],"class_list":["post-442","post","type-post","status-publish","format-standard","hentry","category-eventos","tag-encuentro-de-guionistas","tag-maitane-valdecantos","tag-propiedad-intelectual"],"_links":{"self":[{"href":"https:\/\/www.audens.es\/sala-de-prensa\/wp-json\/wp\/v2\/posts\/442","targetHints":{"allow":["GET"]}}],"collection":[{"href":"https:\/\/www.audens.es\/sala-de-prensa\/wp-json\/wp\/v2\/posts"}],"about":[{"href":"https:\/\/www.audens.es\/sala-de-prensa\/wp-json\/wp\/v2\/types\/post"}],"author":[{"embeddable":true,"href":"https:\/\/www.audens.es\/sala-de-prensa\/wp-json\/wp\/v2\/users\/2"}],"replies":[{"embeddable":true,"href":"https:\/\/www.audens.es\/sala-de-prensa\/wp-json\/wp\/v2\/comments?post=442"}],"version-history":[{"count":5,"href":"https:\/\/www.audens.es\/sala-de-prensa\/wp-json\/wp\/v2\/posts\/442\/revisions"}],"predecessor-version":[{"id":450,"href":"https:\/\/www.audens.es\/sala-de-prensa\/wp-json\/wp\/v2\/posts\/442\/revisions\/450"}],"wp:attachment":[{"href":"https:\/\/www.audens.es\/sala-de-prensa\/wp-json\/wp\/v2\/media?parent=442"}],"wp:term":[{"taxonomy":"category","embeddable":true,"href":"https:\/\/www.audens.es\/sala-de-prensa\/wp-json\/wp\/v2\/categories?post=442"},{"taxonomy":"post_tag","embeddable":true,"href":"https:\/\/www.audens.es\/sala-de-prensa\/wp-json\/wp\/v2\/tags?post=442"},{"taxonomy":"medio","embeddable":true,"href":"https:\/\/www.audens.es\/sala-de-prensa\/wp-json\/wp\/v2\/medio?post=442"},{"taxonomy":"organizador","embeddable":true,"href":"https:\/\/www.audens.es\/sala-de-prensa\/wp-json\/wp\/v2\/organizador?post=442"}],"curies":[{"name":"wp","href":"https:\/\/api.w.org\/{rel}","templated":true}]}}