{"id":423,"date":"2019-10-25T15:00:04","date_gmt":"2019-10-25T13:00:04","guid":{"rendered":"https:\/\/www.audens.es\/sala-de-prensa\/?p=423"},"modified":"2019-10-29T21:40:43","modified_gmt":"2019-10-29T20:40:43","slug":"tres-de-nuestros-abogados-escriben-en-la-ley-privacidad","status":"publish","type":"post","link":"https:\/\/www.audens.es\/sala-de-prensa\/tres-de-nuestros-abogados-escriben-en-la-ley-privacidad\/","title":{"rendered":"Tres de nuestros abogados escriben en \u00abLa Ley Privacidad\u00bb"},"content":{"rendered":"\n<div class=\"wp-block-image\"><figure class=\"aligncenter\"><a href=\"https:\/\/diariolaley.laleynext.es\/Content\/Documento.aspx?params=H4sIAAAAAAAEAMtMSbF1jTAAAkMTC2NDc7Wy1KLizPw8WyMDQ0tDA4hAZlqlS35ySGVBqm1aYk5xKgDbIdO-NQAAAA==WKE\" target=\"_blank\" rel=\"noreferrer noopener\"><img loading=\"lazy\" decoding=\"async\" width=\"575\" height=\"323\" src=\"https:\/\/www.audens.es\/sala-de-prensa\/wp-content\/uploads\/2019\/10\/laleyprivacidad.jpg\" alt=\"\" class=\"wp-image-424\" srcset=\"https:\/\/www.audens.es\/sala-de-prensa\/wp-content\/uploads\/2019\/10\/laleyprivacidad.jpg 575w, https:\/\/www.audens.es\/sala-de-prensa\/wp-content\/uploads\/2019\/10\/laleyprivacidad-300x169.jpg 300w\" sizes=\"auto, (max-width: 575px) 100vw, 575px\" \/><\/a><\/figure><\/div>\n\n\n\n<p>Hoy ha sido publicado el segundo n\u00famero de la revista La Ley Privacidad, editada por Wolters Kluwer y dirigida por Ricard Mart\u00ednez. Nuestro despacho participa con tres art\u00edculos cient\u00edficos y de opini\u00f3n, y m\u00e1s en concreto:<\/p>\n\n\n\n<ul class=\"wp-block-list\"><li><a href=\"https:\/\/www.audens.es\/jon-vicuna.php\">Jon Vicu\u00f1a<\/a> analiza las recientes directrices del Comit\u00e9 Europeo de Protecci\u00f3n de Datos sobre tratamientos realizados a trav\u00e9s de dispositivos de captaci\u00f3n de v\u00eddeo;<\/li><li><a href=\"https:\/\/www.audens.es\/leandro-nunez.php\">Leandro N\u00fa\u00f1ez<\/a> aborda el -aparentemente- dif\u00edcil equilibrio entre el ejercicio del derecho al olvido y la investigaci\u00f3n hist\u00f3rica; y<\/li><li><a href=\"https:\/\/www.audens.es\/marcos-judel.php\">Marcos Judel<\/a>, en calidad de presidente de APEP, opina sobre el presente y futuro de los profesionales de la privacidad.<\/li><\/ul>\n\n\n\n<p>Puedes adquirirla en la <a href=\"https:\/\/tienda.wolterskluwer.es\/p\/la-ley-privacidad\">tienda de la editorial<\/a>.<\/p>\n\n\n\n<p><\/p>\n","protected":false},"excerpt":{"rendered":"Participamos con tres art\u00edculos cient\u00edficos y de opini\u00f3n en el segundo n\u00famero de la revista La Ley Privacidad, abordando temas como la videovigilancia, la investigaci\u00f3n hist\u00f3rica y los profesionales de la privacidad. <A CLASS=\"read-more\" HREF=\"https:\/\/www.audens.es\/sala-de-prensa\/tres-de-nuestros-abogados-escriben-en-la-ley-privacidad\/\">[+]<\/A>","protected":false},"author":1,"featured_media":0,"comment_status":"closed","ping_status":"open","sticky":false,"template":"","format":"standard","meta":{"footnotes":""},"categories":[5],"tags":[91,7,13,23,78],"medio":[],"organizador":[],"class_list":["post-423","post","type-post","status-publish","format-standard","hentry","category-publicaciones","tag-jon-vicuna","tag-leandro-nunez","tag-marcos-judel","tag-proteccion-de-datos","tag-wolters-kluwer"],"_links":{"self":[{"href":"https:\/\/www.audens.es\/sala-de-prensa\/wp-json\/wp\/v2\/posts\/423","targetHints":{"allow":["GET"]}}],"collection":[{"href":"https:\/\/www.audens.es\/sala-de-prensa\/wp-json\/wp\/v2\/posts"}],"about":[{"href":"https:\/\/www.audens.es\/sala-de-prensa\/wp-json\/wp\/v2\/types\/post"}],"author":[{"embeddable":true,"href":"https:\/\/www.audens.es\/sala-de-prensa\/wp-json\/wp\/v2\/users\/1"}],"replies":[{"embeddable":true,"href":"https:\/\/www.audens.es\/sala-de-prensa\/wp-json\/wp\/v2\/comments?post=423"}],"version-history":[{"count":2,"href":"https:\/\/www.audens.es\/sala-de-prensa\/wp-json\/wp\/v2\/posts\/423\/revisions"}],"predecessor-version":[{"id":431,"href":"https:\/\/www.audens.es\/sala-de-prensa\/wp-json\/wp\/v2\/posts\/423\/revisions\/431"}],"wp:attachment":[{"href":"https:\/\/www.audens.es\/sala-de-prensa\/wp-json\/wp\/v2\/media?parent=423"}],"wp:term":[{"taxonomy":"category","embeddable":true,"href":"https:\/\/www.audens.es\/sala-de-prensa\/wp-json\/wp\/v2\/categories?post=423"},{"taxonomy":"post_tag","embeddable":true,"href":"https:\/\/www.audens.es\/sala-de-prensa\/wp-json\/wp\/v2\/tags?post=423"},{"taxonomy":"medio","embeddable":true,"href":"https:\/\/www.audens.es\/sala-de-prensa\/wp-json\/wp\/v2\/medio?post=423"},{"taxonomy":"organizador","embeddable":true,"href":"https:\/\/www.audens.es\/sala-de-prensa\/wp-json\/wp\/v2\/organizador?post=423"}],"curies":[{"name":"wp","href":"https:\/\/api.w.org\/{rel}","templated":true}]}}