{"id":377,"date":"2019-10-02T19:29:54","date_gmt":"2019-10-02T17:29:54","guid":{"rendered":"https:\/\/www.audens.es\/sala-de-prensa\/?p=377"},"modified":"2020-10-31T00:31:23","modified_gmt":"2020-10-30T23:31:23","slug":"cadena-ser-la-proteccion-de-las-imagenes-de-videovigilancia","status":"publish","type":"post","link":"https:\/\/www.audens.es\/sala-de-prensa\/cadena-ser-la-proteccion-de-las-imagenes-de-videovigilancia\/","title":{"rendered":"La protecci\u00f3n de las im\u00e1genes de videovigilancia"},"content":{"rendered":"\n<div class=\"wp-block-image\"><figure class=\"aligncenter size-full\"><img loading=\"lazy\" decoding=\"async\" width=\"575\" height=\"382\" src=\"https:\/\/www.audens.es\/sala-de-prensa\/wp-content\/uploads\/2020\/01\/camaras-videovigilancia.jpg\" alt=\"\" class=\"wp-image-564\" srcset=\"https:\/\/www.audens.es\/sala-de-prensa\/wp-content\/uploads\/2020\/01\/camaras-videovigilancia.jpg 575w, https:\/\/www.audens.es\/sala-de-prensa\/wp-content\/uploads\/2020\/01\/camaras-videovigilancia-300x199.jpg 300w\" sizes=\"auto, (max-width: 575px) 100vw, 575px\" \/><\/figure><\/div>\n\n\n\n<p>Esta tarde en el programa de radio La Ventana de Madrid, de Cadena Ser, nuestro compa\u00f1ero <a href=\"https:\/\/www.audens.es\/marcos-judel.php\">Marcos Judel<\/a>  ha sido entrevistado en relaci\u00f3n a la sanci\u00f3n impuesta por la Agencia  Espa\u00f1ola de Protecci\u00f3n de Datos por la difusi\u00f3n de im\u00e1genes de  v\u00eddeovigilancia en establecimientos comerciales.<\/p>\n\n\n\n<p>Foto: <a href=\"https:\/\/unsplash.com\/@oni71?utm_source=unsplash&amp;utm_medium=referral&amp;utm_content=creditCopyText\">Mi\u0142osz Klinowski<\/a> (v\u00eda Unsplash)<br>Puedes <a rel=\"noreferrer noopener\" aria-label=\"acceder al audio aqu\u00ed (abre en una nueva pesta\u00f1a)\" href=\"https:\/\/play.cadenaser.com\/programa\/la_ventana_de_madrid\/\" target=\"_blank\">acceder al audio<\/a>, minuto 3:15.<\/p>\n","protected":false},"excerpt":{"rendered":"Nuestro compa\u00f1ero Marcos Judel ha sido entrevistado en Cadena Ser en relaci\u00f3n a la sanci\u00f3n impuesta por la Agencia Espa\u00f1ola de Protecci\u00f3n de Datos por la difusi\u00f3n de im\u00e1genes de v\u00eddeovigilancia en establecimientos comerciales. <A CLASS=\"read-more\" HREF=\"https:\/\/www.audens.es\/sala-de-prensa\/cadena-ser-la-proteccion-de-las-imagenes-de-videovigilancia\/\">[+]<\/A>","protected":false},"author":2,"featured_media":0,"comment_status":"closed","ping_status":"open","sticky":false,"template":"","format":"standard","meta":{"footnotes":""},"categories":[163],"tags":[13,23],"medio":[81],"organizador":[],"class_list":["post-377","post","type-post","status-publish","format-standard","hentry","category-radio","tag-marcos-judel","tag-proteccion-de-datos","medio-cadena-ser"],"_links":{"self":[{"href":"https:\/\/www.audens.es\/sala-de-prensa\/wp-json\/wp\/v2\/posts\/377","targetHints":{"allow":["GET"]}}],"collection":[{"href":"https:\/\/www.audens.es\/sala-de-prensa\/wp-json\/wp\/v2\/posts"}],"about":[{"href":"https:\/\/www.audens.es\/sala-de-prensa\/wp-json\/wp\/v2\/types\/post"}],"author":[{"embeddable":true,"href":"https:\/\/www.audens.es\/sala-de-prensa\/wp-json\/wp\/v2\/users\/2"}],"replies":[{"embeddable":true,"href":"https:\/\/www.audens.es\/sala-de-prensa\/wp-json\/wp\/v2\/comments?post=377"}],"version-history":[{"count":6,"href":"https:\/\/www.audens.es\/sala-de-prensa\/wp-json\/wp\/v2\/posts\/377\/revisions"}],"predecessor-version":[{"id":566,"href":"https:\/\/www.audens.es\/sala-de-prensa\/wp-json\/wp\/v2\/posts\/377\/revisions\/566"}],"wp:attachment":[{"href":"https:\/\/www.audens.es\/sala-de-prensa\/wp-json\/wp\/v2\/media?parent=377"}],"wp:term":[{"taxonomy":"category","embeddable":true,"href":"https:\/\/www.audens.es\/sala-de-prensa\/wp-json\/wp\/v2\/categories?post=377"},{"taxonomy":"post_tag","embeddable":true,"href":"https:\/\/www.audens.es\/sala-de-prensa\/wp-json\/wp\/v2\/tags?post=377"},{"taxonomy":"medio","embeddable":true,"href":"https:\/\/www.audens.es\/sala-de-prensa\/wp-json\/wp\/v2\/medio?post=377"},{"taxonomy":"organizador","embeddable":true,"href":"https:\/\/www.audens.es\/sala-de-prensa\/wp-json\/wp\/v2\/organizador?post=377"}],"curies":[{"name":"wp","href":"https:\/\/api.w.org\/{rel}","templated":true}]}}