{"id":327,"date":"2019-07-02T16:00:51","date_gmt":"2019-07-02T14:00:51","guid":{"rendered":"https:\/\/www.audens.es\/sala-de-prensa\/?p=327"},"modified":"2020-10-31T00:31:48","modified_gmt":"2020-10-30T23:31:48","slug":"el-correo-hackeo-del-whatsapp-dificil-pero-no-imposible","status":"publish","type":"post","link":"https:\/\/www.audens.es\/sala-de-prensa\/el-correo-hackeo-del-whatsapp-dificil-pero-no-imposible\/","title":{"rendered":"\u00bfY si te hackean el WhatsApp?"},"content":{"rendered":"\n<div class=\"wp-block-image\"><figure class=\"aligncenter size-full\"><img loading=\"lazy\" decoding=\"async\" width=\"575\" height=\"383\" src=\"https:\/\/www.audens.es\/sala-de-prensa\/wp-content\/uploads\/2020\/01\/hackeo-whatsapp.jpg\" alt=\"\" class=\"wp-image-577\" srcset=\"https:\/\/www.audens.es\/sala-de-prensa\/wp-content\/uploads\/2020\/01\/hackeo-whatsapp.jpg 575w, https:\/\/www.audens.es\/sala-de-prensa\/wp-content\/uploads\/2020\/01\/hackeo-whatsapp-300x200.jpg 300w\" sizes=\"auto, (max-width: 575px) 100vw, 575px\" \/><\/figure><\/div>\n\n\n\n<p>Hoy, <a href=\"https:\/\/www.audens.es\/leandro-nunez.php\">Leandro N\u00fa\u00f1ez<\/a>, ha dado su opini\u00f3n en un reportaje para El Correo, sobre la usurpaci\u00f3n de identidad  y su tratamiento penal, en diferentes plataformas digitales.<\/p>\n\n\n\n<p>Foto: <a href=\"https:\/\/unsplash.com\/@christianw\">Christian Wiediger<\/a> (v\u00eda Unsplash)<br>Lee la <a rel=\"noreferrer noopener\" aria-label=\"noticia completa aqu\u00ed (abre en una nueva pesta\u00f1a)\" href=\"https:\/\/www.elcorreo.com\/tecnologia\/hackeo-whatsapp-dificil-20190702001443-ntrc.html\" target=\"_blank\">noticia completa<\/a>.<\/p>\n","protected":false},"excerpt":{"rendered":"Hoy, Leandro N\u00fa\u00f1ez, ha dado su opini\u00f3n en un reportaje para El Correo, sobre la usurpaci\u00f3n de identidad y su tratamiento penal, en diferentes plataformas digitales. <A CLASS=\"read-more\" HREF=\"https:\/\/www.audens.es\/sala-de-prensa\/el-correo-hackeo-del-whatsapp-dificil-pero-no-imposible\/\">[+]<\/A>","protected":false},"author":2,"featured_media":0,"comment_status":"closed","ping_status":"open","sticky":false,"template":"","format":"standard","meta":{"footnotes":""},"categories":[164],"tags":[7,31],"medio":[58],"organizador":[],"class_list":["post-327","post","type-post","status-publish","format-standard","hentry","category-prensa-escrita","tag-leandro-nunez","tag-reputacion-online","medio-el-correo"],"_links":{"self":[{"href":"https:\/\/www.audens.es\/sala-de-prensa\/wp-json\/wp\/v2\/posts\/327","targetHints":{"allow":["GET"]}}],"collection":[{"href":"https:\/\/www.audens.es\/sala-de-prensa\/wp-json\/wp\/v2\/posts"}],"about":[{"href":"https:\/\/www.audens.es\/sala-de-prensa\/wp-json\/wp\/v2\/types\/post"}],"author":[{"embeddable":true,"href":"https:\/\/www.audens.es\/sala-de-prensa\/wp-json\/wp\/v2\/users\/2"}],"replies":[{"embeddable":true,"href":"https:\/\/www.audens.es\/sala-de-prensa\/wp-json\/wp\/v2\/comments?post=327"}],"version-history":[{"count":4,"href":"https:\/\/www.audens.es\/sala-de-prensa\/wp-json\/wp\/v2\/posts\/327\/revisions"}],"predecessor-version":[{"id":579,"href":"https:\/\/www.audens.es\/sala-de-prensa\/wp-json\/wp\/v2\/posts\/327\/revisions\/579"}],"wp:attachment":[{"href":"https:\/\/www.audens.es\/sala-de-prensa\/wp-json\/wp\/v2\/media?parent=327"}],"wp:term":[{"taxonomy":"category","embeddable":true,"href":"https:\/\/www.audens.es\/sala-de-prensa\/wp-json\/wp\/v2\/categories?post=327"},{"taxonomy":"post_tag","embeddable":true,"href":"https:\/\/www.audens.es\/sala-de-prensa\/wp-json\/wp\/v2\/tags?post=327"},{"taxonomy":"medio","embeddable":true,"href":"https:\/\/www.audens.es\/sala-de-prensa\/wp-json\/wp\/v2\/medio?post=327"},{"taxonomy":"organizador","embeddable":true,"href":"https:\/\/www.audens.es\/sala-de-prensa\/wp-json\/wp\/v2\/organizador?post=327"}],"curies":[{"name":"wp","href":"https:\/\/api.w.org\/{rel}","templated":true}]}}