{"id":2741,"date":"2026-03-10T17:00:00","date_gmt":"2026-03-10T16:00:00","guid":{"rendered":"https:\/\/www.audens.es\/sala-de-prensa\/?p=2741"},"modified":"2026-03-12T15:15:13","modified_gmt":"2026-03-12T14:15:13","slug":"ia-aplicada-al-derecho","status":"publish","type":"post","link":"https:\/\/www.audens.es\/sala-de-prensa\/ia-aplicada-al-derecho\/","title":{"rendered":"IA aplicada al derecho"},"content":{"rendered":"<div class=\"wp-block-image\">\n<figure class=\"aligncenter size-full\"><img loading=\"lazy\" decoding=\"async\" width=\"575\" height=\"300\" src=\"https:\/\/www.audens.es\/sala-de-prensa\/wp-content\/uploads\/2026\/03\/ia-derecho.jpg\" alt=\"\" class=\"wp-image-2742\" srcset=\"https:\/\/www.audens.es\/sala-de-prensa\/wp-content\/uploads\/2026\/03\/ia-derecho.jpg 575w, https:\/\/www.audens.es\/sala-de-prensa\/wp-content\/uploads\/2026\/03\/ia-derecho-300x157.jpg 300w\" sizes=\"auto, (max-width: 575px) 100vw, 575px\" \/><\/figure>\n<\/div>\n\n\n<p>Nuestra socia <a href=\"https:\/\/www.audens.es\/maitane-valdecantos.php\">Maitane Valdecantos<\/a> participar\u00e1, el pr\u00f3ximo 17 de marzo, en un webinar organizado por Enatic, dedicado a analizar c\u00f3mo la inteligencia artificial est\u00e1 integr\u00e1ndose en la pr\u00e1ctica de los despachos. La sesi\u00f3n se centrar\u00e1 en los primeros casos de uso reales de estas tecnolog\u00edas en el trabajo de los abogados y en las transformaciones que ya est\u00e1n produciendo en determinadas tareas profesionales. Junto a Luc\u00eda Carrau, tambi\u00e9n miembro del grupo de trabajo que elabor\u00f3 el <a href=\"https:\/\/www.audens.es\/sala-de-prensa\/libro-blanco-sobre-inteligencia-artificial-y-abogacia\/\" data-type=\"post\" data-id=\"2671\">Libro Blanco sobre Inteligencia Artificial y Abogac\u00eda<\/a>, compartir\u00e1 su experiencia sobre la incorporaci\u00f3n de estas herramientas en el ejercicio del Derecho y los retos que plantean para la profesi\u00f3n.<\/p>\n\n\n\n<p>Puedes <a href=\"https:\/\/enatic.es\/ia-aplicada-al-derecho-que-se-esta-haciendo-en-2026\/\">consultar m\u00e1s informaci\u00f3n e inscribirte<\/a>.<\/p>\n","protected":false},"excerpt":{"rendered":"\u00bfQu\u00e9 aplicaciones reales de la IA est\u00e1n implement\u00e1ndose en los despachos de abogados? Maitane Valdecantos participa en un webinar de ENATIC dedicado a analizar los casos de uso y su impacto en la pr\u00e1ctica profesional. <A CLASS=\"read-more\" HREF=\"https:\/\/www.audens.es\/sala-de-prensa\/ia-aplicada-al-derecho\/\">[+]<\/A>","protected":false},"author":1,"featured_media":0,"comment_status":"closed","ping_status":"open","sticky":false,"template":"","format":"standard","meta":{"footnotes":""},"categories":[2],"tags":[83,12],"medio":[],"organizador":[73],"class_list":["post-2741","post","type-post","status-publish","format-standard","hentry","category-eventos","tag-inteligencia-artificial","tag-maitane-valdecantos","organizador-enatic"],"_links":{"self":[{"href":"https:\/\/www.audens.es\/sala-de-prensa\/wp-json\/wp\/v2\/posts\/2741","targetHints":{"allow":["GET"]}}],"collection":[{"href":"https:\/\/www.audens.es\/sala-de-prensa\/wp-json\/wp\/v2\/posts"}],"about":[{"href":"https:\/\/www.audens.es\/sala-de-prensa\/wp-json\/wp\/v2\/types\/post"}],"author":[{"embeddable":true,"href":"https:\/\/www.audens.es\/sala-de-prensa\/wp-json\/wp\/v2\/users\/1"}],"replies":[{"embeddable":true,"href":"https:\/\/www.audens.es\/sala-de-prensa\/wp-json\/wp\/v2\/comments?post=2741"}],"version-history":[{"count":2,"href":"https:\/\/www.audens.es\/sala-de-prensa\/wp-json\/wp\/v2\/posts\/2741\/revisions"}],"predecessor-version":[{"id":2744,"href":"https:\/\/www.audens.es\/sala-de-prensa\/wp-json\/wp\/v2\/posts\/2741\/revisions\/2744"}],"wp:attachment":[{"href":"https:\/\/www.audens.es\/sala-de-prensa\/wp-json\/wp\/v2\/media?parent=2741"}],"wp:term":[{"taxonomy":"category","embeddable":true,"href":"https:\/\/www.audens.es\/sala-de-prensa\/wp-json\/wp\/v2\/categories?post=2741"},{"taxonomy":"post_tag","embeddable":true,"href":"https:\/\/www.audens.es\/sala-de-prensa\/wp-json\/wp\/v2\/tags?post=2741"},{"taxonomy":"medio","embeddable":true,"href":"https:\/\/www.audens.es\/sala-de-prensa\/wp-json\/wp\/v2\/medio?post=2741"},{"taxonomy":"organizador","embeddable":true,"href":"https:\/\/www.audens.es\/sala-de-prensa\/wp-json\/wp\/v2\/organizador?post=2741"}],"curies":[{"name":"wp","href":"https:\/\/api.w.org\/{rel}","templated":true}]}}