{"id":2736,"date":"2026-03-11T10:00:00","date_gmt":"2026-03-11T09:00:00","guid":{"rendered":"https:\/\/www.audens.es\/sala-de-prensa\/?p=2736"},"modified":"2026-03-12T12:56:11","modified_gmt":"2026-03-12T11:56:11","slug":"dura-sancion-a-un-sistema-de-verificacion-de-edad","status":"publish","type":"post","link":"https:\/\/www.audens.es\/sala-de-prensa\/dura-sancion-a-un-sistema-de-verificacion-de-edad\/","title":{"rendered":"Dura sanci\u00f3n a un sistema de verificaci\u00f3n de edad"},"content":{"rendered":"<div class=\"wp-block-image\">\n<figure class=\"aligncenter size-full\"><img loading=\"lazy\" decoding=\"async\" width=\"575\" height=\"323\" src=\"https:\/\/www.audens.es\/sala-de-prensa\/wp-content\/uploads\/2026\/03\/camaras.jpg\" alt=\"\" class=\"wp-image-2737\" srcset=\"https:\/\/www.audens.es\/sala-de-prensa\/wp-content\/uploads\/2026\/03\/camaras.jpg 575w, https:\/\/www.audens.es\/sala-de-prensa\/wp-content\/uploads\/2026\/03\/camaras-300x169.jpg 300w\" sizes=\"auto, (max-width: 575px) 100vw, 575px\" \/><\/figure>\n<\/div>\n\n\n<p><a href=\"https:\/\/www.audens.es\/leandro-nunez.php\">Leandro N\u00fa\u00f1ez<\/a> ha participado en un art\u00edculo del medio especializado Lexology a prop\u00f3sito de la sanci\u00f3n impuesta por la Agencia Espa\u00f1ola de Protecci\u00f3n de Datos a la empresa de verificaci\u00f3n de edad Yoti. Explic\u00f3 que el debate jur\u00eddico no se centra tanto en el uso de tecnolog\u00edas de verificaci\u00f3n de edad, que pueden ser leg\u00edtimas en determinados contextos, como en tres cuestiones clave desde la perspectiva del RGPD: el uso de datos biom\u00e9tricos para identificar a los usuarios, la validez del consentimiento cuando el acceso al servicio depende de aceptar ese tratamiento y la proporcionalidad de conservar plantillas biom\u00e9tricas generadas durante el proceso. Asimismo, se\u00f1al\u00f3 que la resoluci\u00f3n plantea cuestiones sobre el sistema de notificaci\u00f3n electr\u00f3nica de los procedimientos sancionadores en Espa\u00f1a.<\/p>\n\n\n\n<p>Foto: <a href=\"https:\/\/unsplash.com\/es\/fotos\/un-grupo-de-tres-camaras-sentadas-encima-de-una-mesa-E8hg8qI5pyQ\">Jakub \u017berdzicki<\/a> (v\u00eda Unsplash)<br>Puedes <a href=\"https:\/\/www.lexology.com\/pro\/content\/age-verification-provider-yoti-vows-fight-spanish-gdpr-fine\">acceder al art\u00edculo<\/a> (requiere suscripci\u00f3n).<\/p>\n","protected":false},"excerpt":{"rendered":"Leandro N\u00fa\u00f1ez analiza en Lexology la sanci\u00f3n de la AEPD a Yoti: el debate jur\u00eddico no se centra en la verificaci\u00f3n de edad en s\u00ed, sino en el uso de biometr\u00eda en su app, la validez del consentimiento y la conservaci\u00f3n de plantillas biom\u00e9tricas. <A CLASS=\"read-more\" HREF=\"https:\/\/www.audens.es\/sala-de-prensa\/dura-sancion-a-un-sistema-de-verificacion-de-edad\/\">[+]<\/A>","protected":false},"author":1,"featured_media":0,"comment_status":"closed","ping_status":"open","sticky":false,"template":"","format":"standard","meta":{"footnotes":""},"categories":[164],"tags":[7,23],"medio":[241],"organizador":[],"class_list":["post-2736","post","type-post","status-publish","format-standard","hentry","category-prensa-escrita","tag-leandro-nunez","tag-proteccion-de-datos","medio-lexology"],"_links":{"self":[{"href":"https:\/\/www.audens.es\/sala-de-prensa\/wp-json\/wp\/v2\/posts\/2736","targetHints":{"allow":["GET"]}}],"collection":[{"href":"https:\/\/www.audens.es\/sala-de-prensa\/wp-json\/wp\/v2\/posts"}],"about":[{"href":"https:\/\/www.audens.es\/sala-de-prensa\/wp-json\/wp\/v2\/types\/post"}],"author":[{"embeddable":true,"href":"https:\/\/www.audens.es\/sala-de-prensa\/wp-json\/wp\/v2\/users\/1"}],"replies":[{"embeddable":true,"href":"https:\/\/www.audens.es\/sala-de-prensa\/wp-json\/wp\/v2\/comments?post=2736"}],"version-history":[{"count":1,"href":"https:\/\/www.audens.es\/sala-de-prensa\/wp-json\/wp\/v2\/posts\/2736\/revisions"}],"predecessor-version":[{"id":2738,"href":"https:\/\/www.audens.es\/sala-de-prensa\/wp-json\/wp\/v2\/posts\/2736\/revisions\/2738"}],"wp:attachment":[{"href":"https:\/\/www.audens.es\/sala-de-prensa\/wp-json\/wp\/v2\/media?parent=2736"}],"wp:term":[{"taxonomy":"category","embeddable":true,"href":"https:\/\/www.audens.es\/sala-de-prensa\/wp-json\/wp\/v2\/categories?post=2736"},{"taxonomy":"post_tag","embeddable":true,"href":"https:\/\/www.audens.es\/sala-de-prensa\/wp-json\/wp\/v2\/tags?post=2736"},{"taxonomy":"medio","embeddable":true,"href":"https:\/\/www.audens.es\/sala-de-prensa\/wp-json\/wp\/v2\/medio?post=2736"},{"taxonomy":"organizador","embeddable":true,"href":"https:\/\/www.audens.es\/sala-de-prensa\/wp-json\/wp\/v2\/organizador?post=2736"}],"curies":[{"name":"wp","href":"https:\/\/api.w.org\/{rel}","templated":true}]}}