{"id":2695,"date":"2025-11-25T17:00:00","date_gmt":"2025-11-25T16:00:00","guid":{"rendered":"https:\/\/www.audens.es\/sala-de-prensa\/?p=2695"},"modified":"2026-01-27T20:58:28","modified_gmt":"2026-01-27T19:58:28","slug":"x-sancionada-por-difundir-publicidad-fraudulenta-sobre-criptomonedas","status":"publish","type":"post","link":"https:\/\/www.audens.es\/sala-de-prensa\/x-sancionada-por-difundir-publicidad-fraudulenta-sobre-criptomonedas\/","title":{"rendered":"X, sancionada por difundir publicidad fraudulenta sobre criptomonedas"},"content":{"rendered":"<div class=\"wp-block-image\">\n<figure class=\"aligncenter size-full\"><img loading=\"lazy\" decoding=\"async\" width=\"575\" height=\"323\" src=\"https:\/\/www.audens.es\/sala-de-prensa\/wp-content\/uploads\/2026\/01\/tinku.jpg\" alt=\"\" class=\"wp-image-2696\" srcset=\"https:\/\/www.audens.es\/sala-de-prensa\/wp-content\/uploads\/2026\/01\/tinku.jpg 575w, https:\/\/www.audens.es\/sala-de-prensa\/wp-content\/uploads\/2026\/01\/tinku-300x169.jpg 300w\" sizes=\"auto, (max-width: 575px) 100vw, 575px\" \/><\/figure>\n<\/div>\n\n\n<p>Marcos Judel ha sido entrevistado en Tinku Legal, para analizar la reciente sanci\u00f3n impuesta por la CNMV a la red social X por la difusi\u00f3n de publicidad vinculada a falsas inversiones en criptoactivos. En su intervenci\u00f3n, explic\u00f3 que los criptoactivos no escapan a la normativa que regula la publicidad veraz, transparente y difundida con diligencia, y que la responsabilidad se extiende a las plataformas que la amplifican. Judel subray\u00f3 la especial gravedad de estos casos cuando afectan a inversores minoristas, y la necesidad de reforzar tanto los controles previos por parte de las redes sociales para prevenir fraudes.<\/p>\n\n\n\n<p>Puedes <a href=\"https:\/\/tinku.es\/la-cnmv-sanciona-a-x-con-5m-e-por-publicidad-fraudulenta-de-criptomonedas\/\">ver la entrevista completa<\/a>.<\/p>\n","protected":false},"excerpt":{"rendered":"La publicidad de criptoactivos no est\u00e1 al margen de la ley. Marcos Judel explica que las plataformas que la difunden deben ejercer controles reales para evitar amplificar mensajes enga\u00f1osos que afecten al peque\u00f1o inversor. <A CLASS=\"read-more\" HREF=\"https:\/\/www.audens.es\/sala-de-prensa\/x-sancionada-por-difundir-publicidad-fraudulenta-sobre-criptomonedas\/\">[+]<\/A>","protected":false},"author":1,"featured_media":0,"comment_status":"closed","ping_status":"open","sticky":false,"template":"","format":"standard","meta":{"footnotes":""},"categories":[162],"tags":[201,13,22],"medio":[282],"organizador":[],"class_list":["post-2695","post","type-post","status-publish","format-standard","hentry","category-television","tag-blockchain","tag-marcos-judel","tag-publicidad","medio-tinku"],"_links":{"self":[{"href":"https:\/\/www.audens.es\/sala-de-prensa\/wp-json\/wp\/v2\/posts\/2695","targetHints":{"allow":["GET"]}}],"collection":[{"href":"https:\/\/www.audens.es\/sala-de-prensa\/wp-json\/wp\/v2\/posts"}],"about":[{"href":"https:\/\/www.audens.es\/sala-de-prensa\/wp-json\/wp\/v2\/types\/post"}],"author":[{"embeddable":true,"href":"https:\/\/www.audens.es\/sala-de-prensa\/wp-json\/wp\/v2\/users\/1"}],"replies":[{"embeddable":true,"href":"https:\/\/www.audens.es\/sala-de-prensa\/wp-json\/wp\/v2\/comments?post=2695"}],"version-history":[{"count":3,"href":"https:\/\/www.audens.es\/sala-de-prensa\/wp-json\/wp\/v2\/posts\/2695\/revisions"}],"predecessor-version":[{"id":2699,"href":"https:\/\/www.audens.es\/sala-de-prensa\/wp-json\/wp\/v2\/posts\/2695\/revisions\/2699"}],"wp:attachment":[{"href":"https:\/\/www.audens.es\/sala-de-prensa\/wp-json\/wp\/v2\/media?parent=2695"}],"wp:term":[{"taxonomy":"category","embeddable":true,"href":"https:\/\/www.audens.es\/sala-de-prensa\/wp-json\/wp\/v2\/categories?post=2695"},{"taxonomy":"post_tag","embeddable":true,"href":"https:\/\/www.audens.es\/sala-de-prensa\/wp-json\/wp\/v2\/tags?post=2695"},{"taxonomy":"medio","embeddable":true,"href":"https:\/\/www.audens.es\/sala-de-prensa\/wp-json\/wp\/v2\/medio?post=2695"},{"taxonomy":"organizador","embeddable":true,"href":"https:\/\/www.audens.es\/sala-de-prensa\/wp-json\/wp\/v2\/organizador?post=2695"}],"curies":[{"name":"wp","href":"https:\/\/api.w.org\/{rel}","templated":true}]}}