{"id":2646,"date":"2017-06-23T10:00:00","date_gmt":"2017-06-23T08:00:00","guid":{"rendered":"https:\/\/www.audens.es\/sala-de-prensa\/?p=2646"},"modified":"2026-01-27T01:31:30","modified_gmt":"2026-01-27T00:31:30","slug":"proteccion-de-datos-para-abogados","status":"publish","type":"post","link":"https:\/\/www.audens.es\/sala-de-prensa\/proteccion-de-datos-para-abogados\/","title":{"rendered":"Protecci\u00f3n de datos para abogados"},"content":{"rendered":"<div class=\"wp-block-image\">\n<figure class=\"aligncenter size-full\"><img loading=\"lazy\" decoding=\"async\" width=\"525\" height=\"319\" src=\"https:\/\/www.audens.es\/sala-de-prensa\/wp-content\/uploads\/2017\/06\/ciudad-real.png\" alt=\"\" class=\"wp-image-2648\" srcset=\"https:\/\/www.audens.es\/sala-de-prensa\/wp-content\/uploads\/2017\/06\/ciudad-real.png 525w, https:\/\/www.audens.es\/sala-de-prensa\/wp-content\/uploads\/2017\/06\/ciudad-real-300x182.png 300w\" sizes=\"auto, (max-width: 525px) 100vw, 525px\" \/><\/figure>\n<\/div>\n\n\n<p>Nuestro compa\u00f1ero <a href=\"https:\/\/www.audens.es\/leandro-nunez.php\">Leandro N\u00fa\u00f1ez<\/a> impartir\u00e1, el pr\u00f3ximo 30 de junio y en su condici\u00f3n de secretario general de Enatic, una charla-coloquio organizada por la Agrupaci\u00f3n de J\u00f3venes Abogados de Ciudad Real, dedicada a explicar las obligaciones en materia de protecci\u00f3n de datos aplicables en el ejercicio profesional de la abogac\u00eda, y las novedades que conllevar\u00e1 la aplicaci\u00f3n, a partir de mayo del pr\u00f3ximo a\u00f1o, del RGPD.<\/p>\n","protected":false},"excerpt":{"rendered":"Leandro N\u00fa\u00f1ez participar\u00e1 en una charla organizada por la Agrupaci\u00f3n de J\u00f3venes Abogados de Ciudad Real sobre los retos actuales y futuros de la protecci\u00f3n de datos en el ejercicio profesional de la abogac\u00eda. <A CLASS=\"read-more\" HREF=\"https:\/\/www.audens.es\/sala-de-prensa\/proteccion-de-datos-para-abogados\/\">[+]<\/A>","protected":false},"author":1,"featured_media":0,"comment_status":"closed","ping_status":"open","sticky":false,"template":"","format":"standard","meta":{"footnotes":""},"categories":[2],"tags":[270,7,23],"medio":[277],"organizador":[],"class_list":["post-2646","post","type-post","status-publish","format-standard","hentry","category-eventos","tag-enatic","tag-leandro-nunez","tag-proteccion-de-datos","medio-icacr"],"_links":{"self":[{"href":"https:\/\/www.audens.es\/sala-de-prensa\/wp-json\/wp\/v2\/posts\/2646","targetHints":{"allow":["GET"]}}],"collection":[{"href":"https:\/\/www.audens.es\/sala-de-prensa\/wp-json\/wp\/v2\/posts"}],"about":[{"href":"https:\/\/www.audens.es\/sala-de-prensa\/wp-json\/wp\/v2\/types\/post"}],"author":[{"embeddable":true,"href":"https:\/\/www.audens.es\/sala-de-prensa\/wp-json\/wp\/v2\/users\/1"}],"replies":[{"embeddable":true,"href":"https:\/\/www.audens.es\/sala-de-prensa\/wp-json\/wp\/v2\/comments?post=2646"}],"version-history":[{"count":3,"href":"https:\/\/www.audens.es\/sala-de-prensa\/wp-json\/wp\/v2\/posts\/2646\/revisions"}],"predecessor-version":[{"id":2650,"href":"https:\/\/www.audens.es\/sala-de-prensa\/wp-json\/wp\/v2\/posts\/2646\/revisions\/2650"}],"wp:attachment":[{"href":"https:\/\/www.audens.es\/sala-de-prensa\/wp-json\/wp\/v2\/media?parent=2646"}],"wp:term":[{"taxonomy":"category","embeddable":true,"href":"https:\/\/www.audens.es\/sala-de-prensa\/wp-json\/wp\/v2\/categories?post=2646"},{"taxonomy":"post_tag","embeddable":true,"href":"https:\/\/www.audens.es\/sala-de-prensa\/wp-json\/wp\/v2\/tags?post=2646"},{"taxonomy":"medio","embeddable":true,"href":"https:\/\/www.audens.es\/sala-de-prensa\/wp-json\/wp\/v2\/medio?post=2646"},{"taxonomy":"organizador","embeddable":true,"href":"https:\/\/www.audens.es\/sala-de-prensa\/wp-json\/wp\/v2\/organizador?post=2646"}],"curies":[{"name":"wp","href":"https:\/\/api.w.org\/{rel}","templated":true}]}}