{"id":2642,"date":"2019-01-16T10:00:00","date_gmt":"2019-01-16T09:00:00","guid":{"rendered":"https:\/\/www.audens.es\/sala-de-prensa\/?p=2642"},"modified":"2026-01-27T01:13:40","modified_gmt":"2026-01-27T00:13:40","slug":"limites-de-los-tratamientos-de-datos-vinculados-al-uso-de-un-servicio","status":"publish","type":"post","link":"https:\/\/www.audens.es\/sala-de-prensa\/limites-de-los-tratamientos-de-datos-vinculados-al-uso-de-un-servicio\/","title":{"rendered":"L\u00edmites de los tratamientos de datos vinculados al uso de un servicio"},"content":{"rendered":"<div class=\"wp-block-image\">\n<figure class=\"aligncenter size-full\"><img loading=\"lazy\" decoding=\"async\" width=\"525\" height=\"295\" src=\"https:\/\/www.audens.es\/sala-de-prensa\/wp-content\/uploads\/2019\/01\/bicicleta.jpg\" alt=\"\" class=\"wp-image-2644\" srcset=\"https:\/\/www.audens.es\/sala-de-prensa\/wp-content\/uploads\/2019\/01\/bicicleta.jpg 525w, https:\/\/www.audens.es\/sala-de-prensa\/wp-content\/uploads\/2019\/01\/bicicleta-300x169.jpg 300w\" sizes=\"auto, (max-width: 525px) 100vw, 525px\" \/><\/figure>\n<\/div>\n\n\n<p><a href=\"https:\/\/www.audens.es\/leandro-nunez.php\">Leandro N\u00fa\u00f1ez<\/a> ha participado en un art\u00edculo publicado por Vozp\u00f3puli en el que se analizan las pr\u00e1cticas de tratamiento de datos personales de una empresa china de bicicletas compartidas. En su intervenci\u00f3n, advirti\u00f3 del riesgo que conlleva la transferencia de datos personales de usuarios espa\u00f1oles a al gigante asi\u00e1tico, vinculada al uso del servicio; y subray\u00f3 la relevancia de los principios de proporcionalidad y transparencia del RGPD, destacando que la cesi\u00f3n de datos para finalidades distintas de la prestaci\u00f3n del servicio exige un consentimiento espec\u00edfico e informado por parte de los usuarios.<\/p>\n\n\n\n<p>Foto: <a href=\"https:\/\/unsplash.com\/es\/fotos\/bicicleta-estacionada-al-lado-de-la-puerta-fxpyyCx-81U\">Mika Baumeister<\/a> (via Unsplash)<br>Puedes <a href=\"https:\/\/www.vozpopuli.com\/economia-y-finanzas\/bicisharing-mobike-china-incumple-ley-datos_0_1209480076.html\">leer la noticia completa<\/a>.<\/p>\n","protected":false},"excerpt":{"rendered":"Leandro N\u00fa\u00f1ez analiza los riesgos legales del env\u00edo de datos personales fuera de la U.E. y recuerda la importancia de la transparencia, la proporcionalidad y el consentimiento espec\u00edfico en los servicios digitales. <A CLASS=\"read-more\" HREF=\"https:\/\/www.audens.es\/sala-de-prensa\/limites-de-los-tratamientos-de-datos-vinculados-al-uso-de-un-servicio\/\">[+]<\/A>","protected":false},"author":1,"featured_media":0,"comment_status":"closed","ping_status":"open","sticky":false,"template":"","format":"standard","meta":{"footnotes":""},"categories":[164],"tags":[7,23],"medio":[276],"organizador":[],"class_list":["post-2642","post","type-post","status-publish","format-standard","hentry","category-prensa-escrita","tag-leandro-nunez","tag-proteccion-de-datos","medio-vozpopuli"],"_links":{"self":[{"href":"https:\/\/www.audens.es\/sala-de-prensa\/wp-json\/wp\/v2\/posts\/2642","targetHints":{"allow":["GET"]}}],"collection":[{"href":"https:\/\/www.audens.es\/sala-de-prensa\/wp-json\/wp\/v2\/posts"}],"about":[{"href":"https:\/\/www.audens.es\/sala-de-prensa\/wp-json\/wp\/v2\/types\/post"}],"author":[{"embeddable":true,"href":"https:\/\/www.audens.es\/sala-de-prensa\/wp-json\/wp\/v2\/users\/1"}],"replies":[{"embeddable":true,"href":"https:\/\/www.audens.es\/sala-de-prensa\/wp-json\/wp\/v2\/comments?post=2642"}],"version-history":[{"count":2,"href":"https:\/\/www.audens.es\/sala-de-prensa\/wp-json\/wp\/v2\/posts\/2642\/revisions"}],"predecessor-version":[{"id":2645,"href":"https:\/\/www.audens.es\/sala-de-prensa\/wp-json\/wp\/v2\/posts\/2642\/revisions\/2645"}],"wp:attachment":[{"href":"https:\/\/www.audens.es\/sala-de-prensa\/wp-json\/wp\/v2\/media?parent=2642"}],"wp:term":[{"taxonomy":"category","embeddable":true,"href":"https:\/\/www.audens.es\/sala-de-prensa\/wp-json\/wp\/v2\/categories?post=2642"},{"taxonomy":"post_tag","embeddable":true,"href":"https:\/\/www.audens.es\/sala-de-prensa\/wp-json\/wp\/v2\/tags?post=2642"},{"taxonomy":"medio","embeddable":true,"href":"https:\/\/www.audens.es\/sala-de-prensa\/wp-json\/wp\/v2\/medio?post=2642"},{"taxonomy":"organizador","embeddable":true,"href":"https:\/\/www.audens.es\/sala-de-prensa\/wp-json\/wp\/v2\/organizador?post=2642"}],"curies":[{"name":"wp","href":"https:\/\/api.w.org\/{rel}","templated":true}]}}