{"id":2635,"date":"2023-04-27T19:00:00","date_gmt":"2023-04-27T17:00:00","guid":{"rendered":"https:\/\/www.audens.es\/sala-de-prensa\/?p=2635"},"modified":"2026-01-26T14:18:46","modified_gmt":"2026-01-26T13:18:46","slug":"licencias-de-propiedad-intelectual-y-hosteleria","status":"publish","type":"post","link":"https:\/\/www.audens.es\/sala-de-prensa\/licencias-de-propiedad-intelectual-y-hosteleria\/","title":{"rendered":"Licencias de propiedad intelectual y hosteler\u00eda"},"content":{"rendered":"<div class=\"wp-block-image\">\n<figure class=\"aligncenter size-full\"><img loading=\"lazy\" decoding=\"async\" width=\"523\" height=\"294\" src=\"https:\/\/www.audens.es\/sala-de-prensa\/wp-content\/uploads\/2023\/04\/hosteleria.jpg\" alt=\"\" class=\"wp-image-2637\" srcset=\"https:\/\/www.audens.es\/sala-de-prensa\/wp-content\/uploads\/2023\/04\/hosteleria.jpg 523w, https:\/\/www.audens.es\/sala-de-prensa\/wp-content\/uploads\/2023\/04\/hosteleria-300x169.jpg 300w\" sizes=\"auto, (max-width: 523px) 100vw, 523px\" \/><\/figure>\n<\/div>\n\n\n<p><a href=\"https:\/\/www.audens.es\/leandro-nunez.php\">Leandro N\u00fa\u00f1ez<\/a> particip\u00f3 en Bungalow 103, en Capital Radio, para analizar c\u00f3mo afectan los derechos de propiedad intelectual a la actividad hostelera. Durante la entrevista abord\u00f3 cuestiones habituales en el sector, como el pago de licencias por el uso de m\u00fasica ambiental, la emisi\u00f3n de televisi\u00f3n en habitaciones de hotel o la celebraci\u00f3n de eventos como bodas, as\u00ed como la intervenci\u00f3n de distintas entidades de gesti\u00f3n. N\u00fa\u00f1ez explic\u00f3 que la existencia de tarifas y de sistemas de gesti\u00f3n colectiva permite a los negocios utilizar obras protegidas de forma legal y eficiente, sin tener que negociar individualmente con cada titular de derechos, aportando seguridad jur\u00eddica tanto a los establecimientos como a los creadores.<\/p>\n\n\n\n<p>Foto: <a href=\"https:\/\/unsplash.com\/es\/fotos\/gente-viendo-conciertos-durante-la-noche-UV3GmG_HEqI\">Kajetan Sumila<\/a> (via Unsplash)<br>Puedes <a href=\"https:\/\/www.bungalow103.com\/content\/los-derechos-de-autor-y-la-propiedad-intelectual\">escuchar la entrevista<\/a> (minuto 29:45)<\/p>\n","protected":false},"excerpt":{"rendered":"Leandro N\u00fa\u00f1ez explica en Capital Radio por qu\u00e9 los negocios hosteleros deben abonar licencias de propiedad intelectual, y c\u00f3mo la gesti\u00f3n colectiva facilita el uso legal de m\u00fasica y contenidos audiovisuales. <A CLASS=\"read-more\" HREF=\"https:\/\/www.audens.es\/sala-de-prensa\/licencias-de-propiedad-intelectual-y-hosteleria\/\">[+]<\/A>","protected":false},"author":1,"featured_media":0,"comment_status":"closed","ping_status":"open","sticky":false,"template":"","format":"standard","meta":{"footnotes":""},"categories":[163],"tags":[7,20],"medio":[166],"organizador":[],"class_list":["post-2635","post","type-post","status-publish","format-standard","hentry","category-radio","tag-leandro-nunez","tag-propiedad-intelectual","medio-capital-radio"],"_links":{"self":[{"href":"https:\/\/www.audens.es\/sala-de-prensa\/wp-json\/wp\/v2\/posts\/2635","targetHints":{"allow":["GET"]}}],"collection":[{"href":"https:\/\/www.audens.es\/sala-de-prensa\/wp-json\/wp\/v2\/posts"}],"about":[{"href":"https:\/\/www.audens.es\/sala-de-prensa\/wp-json\/wp\/v2\/types\/post"}],"author":[{"embeddable":true,"href":"https:\/\/www.audens.es\/sala-de-prensa\/wp-json\/wp\/v2\/users\/1"}],"replies":[{"embeddable":true,"href":"https:\/\/www.audens.es\/sala-de-prensa\/wp-json\/wp\/v2\/comments?post=2635"}],"version-history":[{"count":3,"href":"https:\/\/www.audens.es\/sala-de-prensa\/wp-json\/wp\/v2\/posts\/2635\/revisions"}],"predecessor-version":[{"id":2639,"href":"https:\/\/www.audens.es\/sala-de-prensa\/wp-json\/wp\/v2\/posts\/2635\/revisions\/2639"}],"wp:attachment":[{"href":"https:\/\/www.audens.es\/sala-de-prensa\/wp-json\/wp\/v2\/media?parent=2635"}],"wp:term":[{"taxonomy":"category","embeddable":true,"href":"https:\/\/www.audens.es\/sala-de-prensa\/wp-json\/wp\/v2\/categories?post=2635"},{"taxonomy":"post_tag","embeddable":true,"href":"https:\/\/www.audens.es\/sala-de-prensa\/wp-json\/wp\/v2\/tags?post=2635"},{"taxonomy":"medio","embeddable":true,"href":"https:\/\/www.audens.es\/sala-de-prensa\/wp-json\/wp\/v2\/medio?post=2635"},{"taxonomy":"organizador","embeddable":true,"href":"https:\/\/www.audens.es\/sala-de-prensa\/wp-json\/wp\/v2\/organizador?post=2635"}],"curies":[{"name":"wp","href":"https:\/\/api.w.org\/{rel}","templated":true}]}}