{"id":2623,"date":"2017-09-06T17:00:00","date_gmt":"2017-09-06T15:00:00","guid":{"rendered":"https:\/\/www.audens.es\/sala-de-prensa\/?p=2623"},"modified":"2026-01-26T01:36:25","modified_gmt":"2026-01-26T00:36:25","slug":"usar-datos-sanitarios-para-finalidades-ulteriores-puede-vulnerar-la-lopd","status":"publish","type":"post","link":"https:\/\/www.audens.es\/sala-de-prensa\/usar-datos-sanitarios-para-finalidades-ulteriores-puede-vulnerar-la-lopd\/","title":{"rendered":"Usar datos sanitarios para finalidades ulteriores puede vulnerar la LOPD"},"content":{"rendered":"<div class=\"wp-block-image\">\n<figure class=\"aligncenter size-full\"><img loading=\"lazy\" decoding=\"async\" width=\"525\" height=\"350\" src=\"https:\/\/www.audens.es\/sala-de-prensa\/wp-content\/uploads\/2017\/09\/historia-clinica.jpg\" alt=\"\" class=\"wp-image-2625\" srcset=\"https:\/\/www.audens.es\/sala-de-prensa\/wp-content\/uploads\/2017\/09\/historia-clinica.jpg 525w, https:\/\/www.audens.es\/sala-de-prensa\/wp-content\/uploads\/2017\/09\/historia-clinica-300x200.jpg 300w\" sizes=\"auto, (max-width: 525px) 100vw, 525px\" \/><\/figure>\n<\/div>\n\n\n<p><a href=\"https:\/\/www.audens.es\/leandro-nunez.php\">Leandro N\u00fa\u00f1ez<\/a> ha intervenido en el programa Mediod\u00eda COPE para analizar las implicaciones legales del uso de datos sanitarios con finalidades distintas de aquellas para las que fueron recogidos. En su intervenci\u00f3n explic\u00f3 que la normativa de protecci\u00f3n de datos proh\u00edbe el tratamiento de datos para fines incompatibles, subrayando que los datos sanitarios solo pueden utilizarse con objetivos asistenciales. Asimismo, advirti\u00f3 de los riesgos jur\u00eddicos y de responsabilidad disciplinaria que conllevar\u00eda un uso indebido de este tipo de informaci\u00f3n, y record\u00f3 precedentes sancionadores derivados de tratamientos de datos m\u00e9dicos ajenos a su finalidad original.<\/p>\n\n\n\n<p>Foto: <a href=\"https:\/\/unsplash.com\/es\/fotos\/persona-sentada-mientras-usa-una-computadora-portatil-y-un-estetoscopio-verde-cerca-NFvdKIhxYlU\">National Cancer Institute<\/a> (via Unsplash)<br>Puedes <a href=\"https:\/\/www.cope.es\/programas\/herrera-en-cope\/noticias\/usar-los-datos-sanitarios-vulneraria-ley-20170906_157181\">escuchar su intervenci\u00f3n<\/a>.<\/p>\n","protected":false},"excerpt":{"rendered":"Leandro N\u00fa\u00f1ez analiza por qu\u00e9 el uso de datos sanitarios para fines distintos de los asistenciales puede vulnerar la normativa de protecci\u00f3n de datos y dar lugar a graves consecuencias legales. <A CLASS=\"read-more\" HREF=\"https:\/\/www.audens.es\/sala-de-prensa\/usar-datos-sanitarios-para-finalidades-ulteriores-puede-vulnerar-la-lopd\/\">[+]<\/A>","protected":false},"author":1,"featured_media":0,"comment_status":"closed","ping_status":"open","sticky":false,"template":"","format":"standard","meta":{"footnotes":""},"categories":[163],"tags":[7,23],"medio":[42],"organizador":[],"class_list":["post-2623","post","type-post","status-publish","format-standard","hentry","category-radio","tag-leandro-nunez","tag-proteccion-de-datos","medio-cope"],"_links":{"self":[{"href":"https:\/\/www.audens.es\/sala-de-prensa\/wp-json\/wp\/v2\/posts\/2623","targetHints":{"allow":["GET"]}}],"collection":[{"href":"https:\/\/www.audens.es\/sala-de-prensa\/wp-json\/wp\/v2\/posts"}],"about":[{"href":"https:\/\/www.audens.es\/sala-de-prensa\/wp-json\/wp\/v2\/types\/post"}],"author":[{"embeddable":true,"href":"https:\/\/www.audens.es\/sala-de-prensa\/wp-json\/wp\/v2\/users\/1"}],"replies":[{"embeddable":true,"href":"https:\/\/www.audens.es\/sala-de-prensa\/wp-json\/wp\/v2\/comments?post=2623"}],"version-history":[{"count":2,"href":"https:\/\/www.audens.es\/sala-de-prensa\/wp-json\/wp\/v2\/posts\/2623\/revisions"}],"predecessor-version":[{"id":2626,"href":"https:\/\/www.audens.es\/sala-de-prensa\/wp-json\/wp\/v2\/posts\/2623\/revisions\/2626"}],"wp:attachment":[{"href":"https:\/\/www.audens.es\/sala-de-prensa\/wp-json\/wp\/v2\/media?parent=2623"}],"wp:term":[{"taxonomy":"category","embeddable":true,"href":"https:\/\/www.audens.es\/sala-de-prensa\/wp-json\/wp\/v2\/categories?post=2623"},{"taxonomy":"post_tag","embeddable":true,"href":"https:\/\/www.audens.es\/sala-de-prensa\/wp-json\/wp\/v2\/tags?post=2623"},{"taxonomy":"medio","embeddable":true,"href":"https:\/\/www.audens.es\/sala-de-prensa\/wp-json\/wp\/v2\/medio?post=2623"},{"taxonomy":"organizador","embeddable":true,"href":"https:\/\/www.audens.es\/sala-de-prensa\/wp-json\/wp\/v2\/organizador?post=2623"}],"curies":[{"name":"wp","href":"https:\/\/api.w.org\/{rel}","templated":true}]}}