{"id":2617,"date":"2017-12-15T17:00:00","date_gmt":"2017-12-15T16:00:00","guid":{"rendered":"https:\/\/www.audens.es\/sala-de-prensa\/?p=2617"},"modified":"2026-01-26T01:23:18","modified_gmt":"2026-01-26T00:23:18","slug":"sabias-que-podrian-multarte-por-crear-un-grupo-de-whatsapp","status":"publish","type":"post","link":"https:\/\/www.audens.es\/sala-de-prensa\/sabias-que-podrian-multarte-por-crear-un-grupo-de-whatsapp\/","title":{"rendered":"\u00bfSab\u00edas que podr\u00edan multarte por crear un grupo de WhatsApp?"},"content":{"rendered":"<div class=\"wp-block-image\">\n<figure class=\"aligncenter size-full\"><img loading=\"lazy\" decoding=\"async\" width=\"525\" height=\"350\" src=\"https:\/\/www.audens.es\/sala-de-prensa\/wp-content\/uploads\/2017\/12\/whatsapp.jpg\" alt=\"\" class=\"wp-image-2619\" srcset=\"https:\/\/www.audens.es\/sala-de-prensa\/wp-content\/uploads\/2017\/12\/whatsapp.jpg 525w, https:\/\/www.audens.es\/sala-de-prensa\/wp-content\/uploads\/2017\/12\/whatsapp-300x200.jpg 300w\" sizes=\"auto, (max-width: 525px) 100vw, 525px\" \/><\/figure>\n<\/div>\n\n\n<p><a href=\"https:\/\/www.audens.es\/leandro-nunez.php\">Leandro N\u00fa\u00f1ez<\/a> ha intervenido en el programa Mediod\u00eda COPE para analizar las implicaciones legales de incluir a una persona en un grupo de WhatsApp sin su consentimiento. A partir de un caso resuelto por la Agencia Espa\u00f1ola de Protecci\u00f3n de Datos, en el que se sancion\u00f3 a un ayuntamiento por incorporar a vecinos a un grupo municipal sin autorizaci\u00f3n previa, explic\u00f3 que este tipo de pr\u00e1cticas puede vulnerar la normativa de protecci\u00f3n de datos y conllevar sanciones relevantes, especialmente cuando las realizan administraciones p\u00fablicas o empresas.<\/p>\n\n\n\n<p>Foto: <a href=\"https:\/\/unsplash.com\/es\/fotos\/interfaz-web-de-whatsapp-en-la-pantalla-de-una-computadora-KVzULr7eFtE\">Zulfugar Karimov<\/a> (via Unsplash)<br>Puedes <a href=\"https:\/\/www.cope.es\/programas\/mediodia-cope\/noticias\/sabias-que-meter-alguien-grupo-whatsapp-sin-permiso-delito-20171215_165081\">escuchar la entrevista<\/a>.<\/p>\n","protected":false},"excerpt":{"rendered":"Leandro N\u00fa\u00f1ez participa en Mediod\u00eda COPE para explicar por qu\u00e9 incluir a alguien en un grupo de WhatsApp sin su consentimiento puede vulnerar la normativa de protecci\u00f3n de datos y dar lugar a una sanci\u00f3n. <A CLASS=\"read-more\" HREF=\"https:\/\/www.audens.es\/sala-de-prensa\/sabias-que-podrian-multarte-por-crear-un-grupo-de-whatsapp\/\">[+]<\/A>","protected":false},"author":1,"featured_media":0,"comment_status":"closed","ping_status":"open","sticky":false,"template":"","format":"standard","meta":{"footnotes":""},"categories":[163],"tags":[7,23,82],"medio":[42],"organizador":[],"class_list":["post-2617","post","type-post","status-publish","format-standard","hentry","category-radio","tag-leandro-nunez","tag-proteccion-de-datos","tag-redes-sociales","medio-cope"],"_links":{"self":[{"href":"https:\/\/www.audens.es\/sala-de-prensa\/wp-json\/wp\/v2\/posts\/2617","targetHints":{"allow":["GET"]}}],"collection":[{"href":"https:\/\/www.audens.es\/sala-de-prensa\/wp-json\/wp\/v2\/posts"}],"about":[{"href":"https:\/\/www.audens.es\/sala-de-prensa\/wp-json\/wp\/v2\/types\/post"}],"author":[{"embeddable":true,"href":"https:\/\/www.audens.es\/sala-de-prensa\/wp-json\/wp\/v2\/users\/1"}],"replies":[{"embeddable":true,"href":"https:\/\/www.audens.es\/sala-de-prensa\/wp-json\/wp\/v2\/comments?post=2617"}],"version-history":[{"count":4,"href":"https:\/\/www.audens.es\/sala-de-prensa\/wp-json\/wp\/v2\/posts\/2617\/revisions"}],"predecessor-version":[{"id":2622,"href":"https:\/\/www.audens.es\/sala-de-prensa\/wp-json\/wp\/v2\/posts\/2617\/revisions\/2622"}],"wp:attachment":[{"href":"https:\/\/www.audens.es\/sala-de-prensa\/wp-json\/wp\/v2\/media?parent=2617"}],"wp:term":[{"taxonomy":"category","embeddable":true,"href":"https:\/\/www.audens.es\/sala-de-prensa\/wp-json\/wp\/v2\/categories?post=2617"},{"taxonomy":"post_tag","embeddable":true,"href":"https:\/\/www.audens.es\/sala-de-prensa\/wp-json\/wp\/v2\/tags?post=2617"},{"taxonomy":"medio","embeddable":true,"href":"https:\/\/www.audens.es\/sala-de-prensa\/wp-json\/wp\/v2\/medio?post=2617"},{"taxonomy":"organizador","embeddable":true,"href":"https:\/\/www.audens.es\/sala-de-prensa\/wp-json\/wp\/v2\/organizador?post=2617"}],"curies":[{"name":"wp","href":"https:\/\/api.w.org\/{rel}","templated":true}]}}