{"id":2612,"date":"2025-01-30T19:00:00","date_gmt":"2025-01-30T18:00:00","guid":{"rendered":"https:\/\/www.audens.es\/sala-de-prensa\/?p=2612"},"modified":"2026-01-25T23:17:15","modified_gmt":"2026-01-25T22:17:15","slug":"el-riesgo-de-comprar-falsificaciones","status":"publish","type":"post","link":"https:\/\/www.audens.es\/sala-de-prensa\/el-riesgo-de-comprar-falsificaciones\/","title":{"rendered":"El riesgo de comprar falsificaciones"},"content":{"rendered":"<div class=\"wp-block-image\">\n<figure class=\"aligncenter size-full\"><img loading=\"lazy\" decoding=\"async\" width=\"525\" height=\"294\" src=\"https:\/\/www.audens.es\/sala-de-prensa\/wp-content\/uploads\/2025\/01\/etb-leandro.jpg\" alt=\"\" class=\"wp-image-2614\" srcset=\"https:\/\/www.audens.es\/sala-de-prensa\/wp-content\/uploads\/2025\/01\/etb-leandro.jpg 525w, https:\/\/www.audens.es\/sala-de-prensa\/wp-content\/uploads\/2025\/01\/etb-leandro-300x168.jpg 300w\" sizes=\"auto, (max-width: 525px) 100vw, 525px\" \/><\/figure>\n<\/div>\n\n\n<p><a href=\"https:\/\/www.audens.es\/leandro-nunez.php\">Leandro N\u00fa\u00f1ez<\/a> ha participado en el programa Qu\u00e9date, de ETB, para opinar sobre la proliferaci\u00f3n de v\u00eddeos en redes sociales en los que j\u00f3venes presumen de adquirir ropa y zapatillas falsificadas. Durante su intervenci\u00f3n, explic\u00f3 c\u00f3mo este fen\u00f3meno perjudica no solo a las marcas y al comercio legal, sino tambi\u00e9n al conjunto de la sociedad, y subray\u00f3 que el consumidor queda especialmente desprotegido al adquirir este tipo de productos, con posibles riesgos para la salud. Asimismo, aclar\u00f3 la diferencia jur\u00eddica entre una falsificaci\u00f3n y una imitaci\u00f3n, destacando la importancia de conocer estos matices para evitar pr\u00e1cticas il\u00edcitas y decisiones de consumo poco informadas.<\/p>\n\n\n\n<p>Puedes <a href=\"https:\/\/www.eitb.eus\/es\/television\/programas\/quedate\/videos\/detalle\/9683941\/leandro-nunez-abogado-los-productos-falsificados-no-tienen-por-que-superar-controles-de-calidad\/\">ver la intervenci\u00f3n<\/a>.<\/p>\n","protected":false},"excerpt":{"rendered":"Leandro N\u00fa\u00f1ez ha analizado, en la televisi\u00f3n p\u00fablica vasca, el auge de las falsificaciones en redes sociales: impacto econ\u00f3mico, riesgos para el consumidor y diferencias clave entre falsificaci\u00f3n e imitaci\u00f3n. <A CLASS=\"read-more\" HREF=\"https:\/\/www.audens.es\/sala-de-prensa\/el-riesgo-de-comprar-falsificaciones\/\">[+]<\/A>","protected":false},"author":1,"featured_media":0,"comment_status":"closed","ping_status":"open","sticky":false,"template":"","format":"standard","meta":{"footnotes":""},"categories":[162],"tags":[7,106,82],"medio":[152],"organizador":[],"class_list":["post-2612","post","type-post","status-publish","format-standard","hentry","category-television","tag-leandro-nunez","tag-patentes-y-marcas","tag-redes-sociales","medio-etb"],"_links":{"self":[{"href":"https:\/\/www.audens.es\/sala-de-prensa\/wp-json\/wp\/v2\/posts\/2612","targetHints":{"allow":["GET"]}}],"collection":[{"href":"https:\/\/www.audens.es\/sala-de-prensa\/wp-json\/wp\/v2\/posts"}],"about":[{"href":"https:\/\/www.audens.es\/sala-de-prensa\/wp-json\/wp\/v2\/types\/post"}],"author":[{"embeddable":true,"href":"https:\/\/www.audens.es\/sala-de-prensa\/wp-json\/wp\/v2\/users\/1"}],"replies":[{"embeddable":true,"href":"https:\/\/www.audens.es\/sala-de-prensa\/wp-json\/wp\/v2\/comments?post=2612"}],"version-history":[{"count":3,"href":"https:\/\/www.audens.es\/sala-de-prensa\/wp-json\/wp\/v2\/posts\/2612\/revisions"}],"predecessor-version":[{"id":2616,"href":"https:\/\/www.audens.es\/sala-de-prensa\/wp-json\/wp\/v2\/posts\/2612\/revisions\/2616"}],"wp:attachment":[{"href":"https:\/\/www.audens.es\/sala-de-prensa\/wp-json\/wp\/v2\/media?parent=2612"}],"wp:term":[{"taxonomy":"category","embeddable":true,"href":"https:\/\/www.audens.es\/sala-de-prensa\/wp-json\/wp\/v2\/categories?post=2612"},{"taxonomy":"post_tag","embeddable":true,"href":"https:\/\/www.audens.es\/sala-de-prensa\/wp-json\/wp\/v2\/tags?post=2612"},{"taxonomy":"medio","embeddable":true,"href":"https:\/\/www.audens.es\/sala-de-prensa\/wp-json\/wp\/v2\/medio?post=2612"},{"taxonomy":"organizador","embeddable":true,"href":"https:\/\/www.audens.es\/sala-de-prensa\/wp-json\/wp\/v2\/organizador?post=2612"}],"curies":[{"name":"wp","href":"https:\/\/api.w.org\/{rel}","templated":true}]}}