{"id":2428,"date":"2012-11-09T10:00:00","date_gmt":"2012-11-09T09:00:00","guid":{"rendered":"https:\/\/www.audens.es\/sala-de-prensa\/?p=2428"},"modified":"2025-10-05T20:09:03","modified_gmt":"2025-10-05T18:09:03","slug":"start-law-emprender-en-el-mundo-juridico","status":"publish","type":"post","link":"https:\/\/www.audens.es\/sala-de-prensa\/start-law-emprender-en-el-mundo-juridico\/","title":{"rendered":"Start &amp; law: emprender en el mundo jur\u00eddico"},"content":{"rendered":"<div class=\"wp-block-image\">\n<figure class=\"aligncenter size-full\"><img loading=\"lazy\" decoding=\"async\" width=\"525\" height=\"371\" src=\"https:\/\/www.audens.es\/sala-de-prensa\/wp-content\/uploads\/2012\/11\/start-law.png\" alt=\"\" class=\"wp-image-2430\" srcset=\"https:\/\/www.audens.es\/sala-de-prensa\/wp-content\/uploads\/2012\/11\/start-law.png 525w, https:\/\/www.audens.es\/sala-de-prensa\/wp-content\/uploads\/2012\/11\/start-law-300x212.png 300w\" sizes=\"auto, (max-width: 525px) 100vw, 525px\" \/><\/figure>\n<\/div>\n\n\n<p>Nuestro socio <a href=\"https:\/\/www.audens.es\/eneko-delgado.php\">Eneko Delgado<\/a> participar\u00e1, el pr\u00f3ximo 16 de noviembre, en el encuentro Start &amp; Law, una jornada dedicada a la intersecci\u00f3n entre el emprendimiento, la innovaci\u00f3n y el derecho, que se celebrar\u00e1 en la Universidad de Deusto. Durante su intervenci\u00f3n, compartir\u00e1 su experiencia en la fundaci\u00f3n de un despacho de abogados especializado en derecho digital y en el asesoramiento a clientes de perfil tecnol\u00f3gico.<\/p>\n\n\n\n<p>Puedes <a href=\"https:\/\/eventosjuridicos.es\/es\/eventos\/descargarPrograma\/start-law\/4\/\">consultar el programa<\/a>, la asistencia es libre.<\/p>\n","protected":false},"excerpt":{"rendered":"Eneko Delgado compartir\u00e1, el pr\u00f3ximo 16 de noviembre y en la Universidad de Deusto, su experiencia como fundador de un despacho especializado en derecho digital y como asesor de empresas tecnol\u00f3gicas. <A CLASS=\"read-more\" HREF=\"https:\/\/www.audens.es\/sala-de-prensa\/start-law-emprender-en-el-mundo-juridico\/\">[+]<\/A>","protected":false},"author":1,"featured_media":0,"comment_status":"closed","ping_status":"open","sticky":false,"template":"","format":"standard","meta":{"footnotes":""},"categories":[2],"tags":[40,8,253],"medio":[],"organizador":[98,214],"class_list":["post-2428","post","type-post","status-publish","format-standard","hentry","category-eventos","tag-emprendedores","tag-eneko-delgado","tag-eventos-juridicos","organizador-icasv","organizador-universidad-de-deusto"],"_links":{"self":[{"href":"https:\/\/www.audens.es\/sala-de-prensa\/wp-json\/wp\/v2\/posts\/2428","targetHints":{"allow":["GET"]}}],"collection":[{"href":"https:\/\/www.audens.es\/sala-de-prensa\/wp-json\/wp\/v2\/posts"}],"about":[{"href":"https:\/\/www.audens.es\/sala-de-prensa\/wp-json\/wp\/v2\/types\/post"}],"author":[{"embeddable":true,"href":"https:\/\/www.audens.es\/sala-de-prensa\/wp-json\/wp\/v2\/users\/1"}],"replies":[{"embeddable":true,"href":"https:\/\/www.audens.es\/sala-de-prensa\/wp-json\/wp\/v2\/comments?post=2428"}],"version-history":[{"count":2,"href":"https:\/\/www.audens.es\/sala-de-prensa\/wp-json\/wp\/v2\/posts\/2428\/revisions"}],"predecessor-version":[{"id":2431,"href":"https:\/\/www.audens.es\/sala-de-prensa\/wp-json\/wp\/v2\/posts\/2428\/revisions\/2431"}],"wp:attachment":[{"href":"https:\/\/www.audens.es\/sala-de-prensa\/wp-json\/wp\/v2\/media?parent=2428"}],"wp:term":[{"taxonomy":"category","embeddable":true,"href":"https:\/\/www.audens.es\/sala-de-prensa\/wp-json\/wp\/v2\/categories?post=2428"},{"taxonomy":"post_tag","embeddable":true,"href":"https:\/\/www.audens.es\/sala-de-prensa\/wp-json\/wp\/v2\/tags?post=2428"},{"taxonomy":"medio","embeddable":true,"href":"https:\/\/www.audens.es\/sala-de-prensa\/wp-json\/wp\/v2\/medio?post=2428"},{"taxonomy":"organizador","embeddable":true,"href":"https:\/\/www.audens.es\/sala-de-prensa\/wp-json\/wp\/v2\/organizador?post=2428"}],"curies":[{"name":"wp","href":"https:\/\/api.w.org\/{rel}","templated":true}]}}