{"id":2424,"date":"2013-04-23T10:00:00","date_gmt":"2013-04-23T08:00:00","guid":{"rendered":"https:\/\/www.audens.es\/sala-de-prensa\/?p=2424"},"modified":"2025-10-05T19:49:03","modified_gmt":"2025-10-05T17:49:03","slug":"ikasberri-de-emprendimiento-y-abogacia","status":"publish","type":"post","link":"https:\/\/www.audens.es\/sala-de-prensa\/ikasberri-de-emprendimiento-y-abogacia\/","title":{"rendered":"Ikasberri de emprendimiento y abogac\u00eda"},"content":{"rendered":"<div class=\"wp-block-image\">\n<figure class=\"aligncenter size-full\"><img loading=\"lazy\" decoding=\"async\" width=\"525\" height=\"325\" src=\"https:\/\/www.audens.es\/sala-de-prensa\/wp-content\/uploads\/2013\/04\/upv-leioa.jpg\" alt=\"\" class=\"wp-image-2426\" srcset=\"https:\/\/www.audens.es\/sala-de-prensa\/wp-content\/uploads\/2013\/04\/upv-leioa.jpg 525w, https:\/\/www.audens.es\/sala-de-prensa\/wp-content\/uploads\/2013\/04\/upv-leioa-300x186.jpg 300w\" sizes=\"auto, (max-width: 525px) 100vw, 525px\" \/><\/figure>\n<\/div>\n\n\n<p>Nuestro compa\u00f1ero <a href=\"https:\/\/www.audens.es\/eneko-delgado.php\">Eneko Delgado<\/a> participar\u00e1, el pr\u00f3ximo 30 de abril, en el Seminario de Emprendimiento y Abogac\u00eda que organiza la Universidad del Pa\u00eds Vasco (UPV\/EHU) en el campus de Leioa. Durante su intervenci\u00f3n, compartir\u00e1 con el alumnado su experiencia profesional al fundar un despacho especializado en derecho tecnol\u00f3gico y responder\u00e1 a sus preguntas sobre las oportunidades y desaf\u00edos del ejercicio profesional en el \u00e1mbito jur\u00eddico digital.<\/p>\n\n\n\n<p>Foto: <a href=\"https:\/\/commons.wikimedia.org\/wiki\/File:Lejona_-_Campus_de_Bizkaia_de_la_UPV-EHU_-_Facultad_de_Derecho_%28Secci%C3%B3n_Bizkaia%29_2.jpg\">Zarateman<\/a> (via Wikimedia Commons)<br>Puedes <a href=\"http:\/\/www.emprendedoreszitek.com\/Agenda\/Detalleagenda\/tabid\/140\/NewsID\/124\/language\/es-ES\/Default.aspx\">consultar el programa e inscribirte<\/a>.<\/p>\n","protected":false},"excerpt":{"rendered":"Eneko Delgado participar\u00e1 en este seminario, organizado por la UPV\/EHU, donde compartir\u00e1 con el alumnado su experiencia al fundar un despacho de abogados y abordar\u00e1 los retos del ejercicio profesional en el entorno digital. <A CLASS=\"read-more\" HREF=\"https:\/\/www.audens.es\/sala-de-prensa\/ikasberri-de-emprendimiento-y-abogacia\/\">[+]<\/A>","protected":false},"author":1,"featured_media":0,"comment_status":"closed","ping_status":"open","sticky":false,"template":"","format":"standard","meta":{"footnotes":""},"categories":[2],"tags":[40,8],"medio":[],"organizador":[169],"class_list":["post-2424","post","type-post","status-publish","format-standard","hentry","category-eventos","tag-emprendedores","tag-eneko-delgado","organizador-upv-ehu"],"_links":{"self":[{"href":"https:\/\/www.audens.es\/sala-de-prensa\/wp-json\/wp\/v2\/posts\/2424","targetHints":{"allow":["GET"]}}],"collection":[{"href":"https:\/\/www.audens.es\/sala-de-prensa\/wp-json\/wp\/v2\/posts"}],"about":[{"href":"https:\/\/www.audens.es\/sala-de-prensa\/wp-json\/wp\/v2\/types\/post"}],"author":[{"embeddable":true,"href":"https:\/\/www.audens.es\/sala-de-prensa\/wp-json\/wp\/v2\/users\/1"}],"replies":[{"embeddable":true,"href":"https:\/\/www.audens.es\/sala-de-prensa\/wp-json\/wp\/v2\/comments?post=2424"}],"version-history":[{"count":2,"href":"https:\/\/www.audens.es\/sala-de-prensa\/wp-json\/wp\/v2\/posts\/2424\/revisions"}],"predecessor-version":[{"id":2427,"href":"https:\/\/www.audens.es\/sala-de-prensa\/wp-json\/wp\/v2\/posts\/2424\/revisions\/2427"}],"wp:attachment":[{"href":"https:\/\/www.audens.es\/sala-de-prensa\/wp-json\/wp\/v2\/media?parent=2424"}],"wp:term":[{"taxonomy":"category","embeddable":true,"href":"https:\/\/www.audens.es\/sala-de-prensa\/wp-json\/wp\/v2\/categories?post=2424"},{"taxonomy":"post_tag","embeddable":true,"href":"https:\/\/www.audens.es\/sala-de-prensa\/wp-json\/wp\/v2\/tags?post=2424"},{"taxonomy":"medio","embeddable":true,"href":"https:\/\/www.audens.es\/sala-de-prensa\/wp-json\/wp\/v2\/medio?post=2424"},{"taxonomy":"organizador","embeddable":true,"href":"https:\/\/www.audens.es\/sala-de-prensa\/wp-json\/wp\/v2\/organizador?post=2424"}],"curies":[{"name":"wp","href":"https:\/\/api.w.org\/{rel}","templated":true}]}}