{"id":2369,"date":"2025-06-18T10:00:00","date_gmt":"2025-06-18T08:00:00","guid":{"rendered":"https:\/\/www.audens.es\/sala-de-prensa\/?p=2369"},"modified":"2026-01-25T19:00:12","modified_gmt":"2026-01-25T18:00:12","slug":"tecnologia-que-suma-hacia-un-uso-de-la-red-mas-saludable","status":"publish","type":"post","link":"https:\/\/www.audens.es\/sala-de-prensa\/tecnologia-que-suma-hacia-un-uso-de-la-red-mas-saludable\/","title":{"rendered":"Tecnolog\u00eda que suma: hacia un uso de la red m\u00e1s saludable"},"content":{"rendered":"<div class=\"wp-block-image\">\n<figure class=\"aligncenter size-full\"><img loading=\"lazy\" decoding=\"async\" width=\"525\" height=\"337\" src=\"https:\/\/www.audens.es\/sala-de-prensa\/wp-content\/uploads\/2025\/06\/ing-ethic.png\" alt=\"\" class=\"wp-image-2370\" srcset=\"https:\/\/www.audens.es\/sala-de-prensa\/wp-content\/uploads\/2025\/06\/ing-ethic.png 525w, https:\/\/www.audens.es\/sala-de-prensa\/wp-content\/uploads\/2025\/06\/ing-ethic-300x193.png 300w\" sizes=\"auto, (max-width: 525px) 100vw, 525px\" \/><\/figure>\n<\/div>\n\n\n<p>Nuestro socio <a href=\"https:\/\/www.audens.es\/leandro-nunez.php\">Leandro N\u00fa\u00f1ez<\/a> participar\u00e1, el pr\u00f3ximo 24 de junio y en calidad de secretario general de Enatic, en una nueva edici\u00f3n de los <em>Desayunos para el bienestar digital<\/em>, organizados por la revista Ethic e ING. Bajo el t\u00edtulo <em>Tecnolog\u00eda que suma: hacia un uso de la red m\u00e1s saludable<\/em>, la sesi\u00f3n reunir\u00e1 a representantes del \u00e1mbito tecnol\u00f3gico, educativo y jur\u00eddico para reflexionar sobre los efectos del uso intensivo de internet en la salud y los derechos de las personas en el entorno digital.<\/p>\n","protected":false},"excerpt":{"rendered":"Leandro N\u00fa\u00f1ez participar\u00e1 en una nueva edici\u00f3n de los \u00abDesayunos para el bienestar digital\u00bb de Ethic e ING, para debatir sobre c\u00f3mo lograr un equilibrio entre innovaci\u00f3n tecnol\u00f3gica, salud y protecci\u00f3n de los derechos en el entorno digital. <A CLASS=\"read-more\" HREF=\"https:\/\/www.audens.es\/sala-de-prensa\/tecnologia-que-suma-hacia-un-uso-de-la-red-mas-saludable\/\">[+]<\/A>","protected":false},"author":1,"featured_media":0,"comment_status":"closed","ping_status":"open","sticky":false,"template":"","format":"standard","meta":{"footnotes":""},"categories":[2],"tags":[56,270,250,7],"medio":[],"organizador":[],"class_list":["post-2369","post","type-post","status-publish","format-standard","hentry","category-eventos","tag-derechos-digitales","tag-enatic","tag-ethic","tag-leandro-nunez"],"_links":{"self":[{"href":"https:\/\/www.audens.es\/sala-de-prensa\/wp-json\/wp\/v2\/posts\/2369","targetHints":{"allow":["GET"]}}],"collection":[{"href":"https:\/\/www.audens.es\/sala-de-prensa\/wp-json\/wp\/v2\/posts"}],"about":[{"href":"https:\/\/www.audens.es\/sala-de-prensa\/wp-json\/wp\/v2\/types\/post"}],"author":[{"embeddable":true,"href":"https:\/\/www.audens.es\/sala-de-prensa\/wp-json\/wp\/v2\/users\/1"}],"replies":[{"embeddable":true,"href":"https:\/\/www.audens.es\/sala-de-prensa\/wp-json\/wp\/v2\/comments?post=2369"}],"version-history":[{"count":1,"href":"https:\/\/www.audens.es\/sala-de-prensa\/wp-json\/wp\/v2\/posts\/2369\/revisions"}],"predecessor-version":[{"id":2371,"href":"https:\/\/www.audens.es\/sala-de-prensa\/wp-json\/wp\/v2\/posts\/2369\/revisions\/2371"}],"wp:attachment":[{"href":"https:\/\/www.audens.es\/sala-de-prensa\/wp-json\/wp\/v2\/media?parent=2369"}],"wp:term":[{"taxonomy":"category","embeddable":true,"href":"https:\/\/www.audens.es\/sala-de-prensa\/wp-json\/wp\/v2\/categories?post=2369"},{"taxonomy":"post_tag","embeddable":true,"href":"https:\/\/www.audens.es\/sala-de-prensa\/wp-json\/wp\/v2\/tags?post=2369"},{"taxonomy":"medio","embeddable":true,"href":"https:\/\/www.audens.es\/sala-de-prensa\/wp-json\/wp\/v2\/medio?post=2369"},{"taxonomy":"organizador","embeddable":true,"href":"https:\/\/www.audens.es\/sala-de-prensa\/wp-json\/wp\/v2\/organizador?post=2369"}],"curies":[{"name":"wp","href":"https:\/\/api.w.org\/{rel}","templated":true}]}}