{"id":2285,"date":"2024-03-11T13:00:00","date_gmt":"2024-03-11T12:00:00","guid":{"rendered":"https:\/\/www.audens.es\/sala-de-prensa\/?p=2285"},"modified":"2025-03-17T15:02:18","modified_gmt":"2025-03-17T14:02:18","slug":"economist-jurist-laliga-estrecha-el-cerco-contra-la-pirateria","status":"publish","type":"post","link":"https:\/\/www.audens.es\/sala-de-prensa\/economist-jurist-laliga-estrecha-el-cerco-contra-la-pirateria\/","title":{"rendered":"LaLiga estrecha el cerco contra la pirater\u00eda"},"content":{"rendered":"<div class=\"wp-block-image\">\n<figure class=\"aligncenter size-full\"><img loading=\"lazy\" decoding=\"async\" width=\"525\" height=\"359\" src=\"https:\/\/www.audens.es\/sala-de-prensa\/wp-content\/uploads\/2025\/03\/futbol-tv.jpg\" alt=\"\" class=\"wp-image-2286\" srcset=\"https:\/\/www.audens.es\/sala-de-prensa\/wp-content\/uploads\/2025\/03\/futbol-tv.jpg 525w, https:\/\/www.audens.es\/sala-de-prensa\/wp-content\/uploads\/2025\/03\/futbol-tv-300x205.jpg 300w\" sizes=\"auto, (max-width: 525px) 100vw, 525px\" \/><\/figure>\n<\/div>\n\n\n<p>La Audiencia de Barcelona ha admitido diligencias preliminares que permitir\u00edan a LaLiga identificar y demandar a usuarios que redistribuyen la se\u00f1al de los partidos sin autorizaci\u00f3n. Nuestro compa\u00f1ero <a href=\"https:\/\/www.audens.es\/leandro-nunez.php\">Leandro N\u00fa\u00f1ez<\/a> aclara que no se persigue a quienes \u00fanicamente ven los partidos, sino a quienes los comparten masivamente. A\u00f1ade que los operadores solo podr\u00e1n ceder datos si un juez lo ordena, en un delicado equilibrio entre protecci\u00f3n de datos y derechos de propiedad intelectual.<\/p>\n\n\n\n<p>Foto: <a href=\"https:\/\/unsplash.com\/es\/fotos\/personas-jugando-al-futbol-en-el-campo-verde-durante-el-dia-xyDkHkvDYp4\">Maxim Hopman<\/a> (v\u00eda Unsplash)<br>Puedes <a href=\"https:\/\/www.economistjurist.es\/actualidad-juridica\/un-auto-judicial-podria-permitir-a-laliga-demandar-a-los-usuarios-que-se-descarguen-o-vean-partidos-de-forma-ilegal\/\">leer la noticia completa<\/a> (requiere subscripci\u00f3n).<\/p>\n","protected":false},"excerpt":{"rendered":"Un auto judicial permite a LaLiga solicitar datos de usuarios que redistribuyen su se\u00f1al ilegalmente. Leandro N\u00fa\u00f1ez aclara que la medida no afecta a quienes solo ven los partidos, sino a quienes los comparten masivamente a trav\u00e9s de Internet. <A CLASS=\"read-more\" HREF=\"https:\/\/www.audens.es\/sala-de-prensa\/economist-jurist-laliga-estrecha-el-cerco-contra-la-pirateria\/\">[+]<\/A>","protected":false},"author":1,"featured_media":0,"comment_status":"closed","ping_status":"open","sticky":false,"template":"","format":"standard","meta":{"footnotes":""},"categories":[164],"tags":[7,20,23],"medio":[215],"organizador":[],"class_list":["post-2285","post","type-post","status-publish","format-standard","hentry","category-prensa-escrita","tag-leandro-nunez","tag-propiedad-intelectual","tag-proteccion-de-datos","medio-economist-jurist"],"_links":{"self":[{"href":"https:\/\/www.audens.es\/sala-de-prensa\/wp-json\/wp\/v2\/posts\/2285","targetHints":{"allow":["GET"]}}],"collection":[{"href":"https:\/\/www.audens.es\/sala-de-prensa\/wp-json\/wp\/v2\/posts"}],"about":[{"href":"https:\/\/www.audens.es\/sala-de-prensa\/wp-json\/wp\/v2\/types\/post"}],"author":[{"embeddable":true,"href":"https:\/\/www.audens.es\/sala-de-prensa\/wp-json\/wp\/v2\/users\/1"}],"replies":[{"embeddable":true,"href":"https:\/\/www.audens.es\/sala-de-prensa\/wp-json\/wp\/v2\/comments?post=2285"}],"version-history":[{"count":2,"href":"https:\/\/www.audens.es\/sala-de-prensa\/wp-json\/wp\/v2\/posts\/2285\/revisions"}],"predecessor-version":[{"id":2297,"href":"https:\/\/www.audens.es\/sala-de-prensa\/wp-json\/wp\/v2\/posts\/2285\/revisions\/2297"}],"wp:attachment":[{"href":"https:\/\/www.audens.es\/sala-de-prensa\/wp-json\/wp\/v2\/media?parent=2285"}],"wp:term":[{"taxonomy":"category","embeddable":true,"href":"https:\/\/www.audens.es\/sala-de-prensa\/wp-json\/wp\/v2\/categories?post=2285"},{"taxonomy":"post_tag","embeddable":true,"href":"https:\/\/www.audens.es\/sala-de-prensa\/wp-json\/wp\/v2\/tags?post=2285"},{"taxonomy":"medio","embeddable":true,"href":"https:\/\/www.audens.es\/sala-de-prensa\/wp-json\/wp\/v2\/medio?post=2285"},{"taxonomy":"organizador","embeddable":true,"href":"https:\/\/www.audens.es\/sala-de-prensa\/wp-json\/wp\/v2\/organizador?post=2285"}],"curies":[{"name":"wp","href":"https:\/\/api.w.org\/{rel}","templated":true}]}}