{"id":2279,"date":"2025-01-13T14:00:00","date_gmt":"2025-01-13T13:00:00","guid":{"rendered":"https:\/\/www.audens.es\/sala-de-prensa\/?p=2279"},"modified":"2025-03-14T00:21:13","modified_gmt":"2025-03-13T23:21:13","slug":"ser-estamos-regulando-adecuadamente-la-tecnologia","status":"publish","type":"post","link":"https:\/\/www.audens.es\/sala-de-prensa\/ser-estamos-regulando-adecuadamente-la-tecnologia\/","title":{"rendered":"\u00bfEstamos regulando adecuadamente la tecnolog\u00eda?"},"content":{"rendered":"<div class=\"wp-block-image\">\n<figure class=\"aligncenter size-full\"><img loading=\"lazy\" decoding=\"async\" width=\"525\" height=\"320\" src=\"https:\/\/www.audens.es\/sala-de-prensa\/wp-content\/uploads\/2025\/03\/maitane-ser.jpg\" alt=\"\" class=\"wp-image-2280\" srcset=\"https:\/\/www.audens.es\/sala-de-prensa\/wp-content\/uploads\/2025\/03\/maitane-ser.jpg 525w, https:\/\/www.audens.es\/sala-de-prensa\/wp-content\/uploads\/2025\/03\/maitane-ser-300x183.jpg 300w\" sizes=\"auto, (max-width: 525px) 100vw, 525px\" \/><\/figure>\n<\/div>\n\n\n<p>Esta ma\u00f1ana, <a href=\"https:\/\/www.audens.es\/maitane-valdecantos.php\">Maitane Valdecantos<\/a> ha participado en la secci\u00f3n \u00abDe las Ondas a la Red\u00bb del programa Hoy por Hoy, de la Cadena SER, para hablar de la evoluci\u00f3n de la regulaci\u00f3n europea en materia de tecnolog\u00eda e inteligencia artificial. \u00bfC\u00f3mo trata de garantizar el respeto a nuestros derechos fundamentales? \u00bfQu\u00e9 hace la Uni\u00f3n Europea para luchar contra la desinformaci\u00f3n? \u00bfPodemos obligar a los gigantes tecnol\u00f3gicos americanos y asi\u00e1ticos a respetar esta normativa?<\/p>\n\n\n\n<p>Puedes <a href=\"https:\/\/cadenaser.com\/audio\/1736784329317\/\">escuchar la entrevista completa<\/a>.<\/p>\n","protected":false},"excerpt":{"rendered":"Maitane Valdecantos ha participado en el programa Hoy por Hoy, para explicar c\u00f3mo se est\u00e1 regulando la tecnolog\u00eda de la Uni\u00f3n Europea y en qu\u00e9 medida trata de proteger nuestros derechos fundamentales. <A CLASS=\"read-more\" HREF=\"https:\/\/www.audens.es\/sala-de-prensa\/ser-estamos-regulando-adecuadamente-la-tecnologia\/\">[+]<\/A>","protected":false},"author":1,"featured_media":0,"comment_status":"closed","ping_status":"open","sticky":false,"template":"","format":"standard","meta":{"footnotes":""},"categories":[163],"tags":[56,83,12],"medio":[81],"organizador":[],"class_list":["post-2279","post","type-post","status-publish","format-standard","hentry","category-radio","tag-derechos-digitales","tag-inteligencia-artificial","tag-maitane-valdecantos","medio-cadena-ser"],"_links":{"self":[{"href":"https:\/\/www.audens.es\/sala-de-prensa\/wp-json\/wp\/v2\/posts\/2279","targetHints":{"allow":["GET"]}}],"collection":[{"href":"https:\/\/www.audens.es\/sala-de-prensa\/wp-json\/wp\/v2\/posts"}],"about":[{"href":"https:\/\/www.audens.es\/sala-de-prensa\/wp-json\/wp\/v2\/types\/post"}],"author":[{"embeddable":true,"href":"https:\/\/www.audens.es\/sala-de-prensa\/wp-json\/wp\/v2\/users\/1"}],"replies":[{"embeddable":true,"href":"https:\/\/www.audens.es\/sala-de-prensa\/wp-json\/wp\/v2\/comments?post=2279"}],"version-history":[{"count":3,"href":"https:\/\/www.audens.es\/sala-de-prensa\/wp-json\/wp\/v2\/posts\/2279\/revisions"}],"predecessor-version":[{"id":2284,"href":"https:\/\/www.audens.es\/sala-de-prensa\/wp-json\/wp\/v2\/posts\/2279\/revisions\/2284"}],"wp:attachment":[{"href":"https:\/\/www.audens.es\/sala-de-prensa\/wp-json\/wp\/v2\/media?parent=2279"}],"wp:term":[{"taxonomy":"category","embeddable":true,"href":"https:\/\/www.audens.es\/sala-de-prensa\/wp-json\/wp\/v2\/categories?post=2279"},{"taxonomy":"post_tag","embeddable":true,"href":"https:\/\/www.audens.es\/sala-de-prensa\/wp-json\/wp\/v2\/tags?post=2279"},{"taxonomy":"medio","embeddable":true,"href":"https:\/\/www.audens.es\/sala-de-prensa\/wp-json\/wp\/v2\/medio?post=2279"},{"taxonomy":"organizador","embeddable":true,"href":"https:\/\/www.audens.es\/sala-de-prensa\/wp-json\/wp\/v2\/organizador?post=2279"}],"curies":[{"name":"wp","href":"https:\/\/api.w.org\/{rel}","templated":true}]}}