{"id":2254,"date":"2025-01-28T15:00:00","date_gmt":"2025-01-28T14:00:00","guid":{"rendered":"https:\/\/www.audens.es\/sala-de-prensa\/?p=2254"},"modified":"2025-03-13T20:56:59","modified_gmt":"2025-03-13T19:56:59","slug":"ecnomist-jurist-los-retos-para-la-proteccion-de-datos-en-2025","status":"publish","type":"post","link":"https:\/\/www.audens.es\/sala-de-prensa\/ecnomist-jurist-los-retos-para-la-proteccion-de-datos-en-2025\/","title":{"rendered":"Los retos para la protecci\u00f3n de datos en 2025"},"content":{"rendered":"<div class=\"wp-block-image\">\n<figure class=\"aligncenter size-full\"><img loading=\"lazy\" decoding=\"async\" width=\"525\" height=\"295\" src=\"https:\/\/www.audens.es\/sala-de-prensa\/wp-content\/uploads\/2025\/03\/vallas.jpg\" alt=\"\" class=\"wp-image-2255\" srcset=\"https:\/\/www.audens.es\/sala-de-prensa\/wp-content\/uploads\/2025\/03\/vallas.jpg 525w, https:\/\/www.audens.es\/sala-de-prensa\/wp-content\/uploads\/2025\/03\/vallas-300x169.jpg 300w\" sizes=\"auto, (max-width: 525px) 100vw, 525px\" \/><\/figure>\n<\/div>\n\n\n<p>Con motivo del d\u00eda de la protecci\u00f3n de datos, nuestro compa\u00f1ero <a href=\"https:\/\/www.audens.es\/marcos-judel.php\">Marcos Judel<\/a>, en calidad de presidente de APEP, destaca que la creciente regulaci\u00f3n europea en \u00e1reas como la inteligencia artificial exige a los profesionales formaci\u00f3n constante y visi\u00f3n estrat\u00e9gica. Subraya la importancia de aplicar las pol\u00edticas de privacidad desde el dise\u00f1o a los sistemas de IA utilizados por las empresas; y advierte sobre la complejidad de cumplir con el principio de responsabilidad activa del RGPD, que obliga no solo a respetar la normativa, sino a demostrar su cumplimiento: algo que no siempre es sencillo al lidiar con estas tecnolog\u00edas.<\/p>\n\n\n\n<p>Foto: <a href=\"https:\/\/unsplash.com\/es\/fotos\/una-pista-morada-con-una-fila-de-postes-en-el-medio-jJEtA9ekE9o\">Selma da Silva<\/a> (via Unsplash)<br>Puedes <a href=\"https:\/\/www.economistjurist.es\/zbloque-1\/gestionar-la-implementacion-de-la-ia-y-asimilar-los-nuevos-retos-legislativos-son-los-desafios-que-afrontan-empresas-y-dpo\/\">leer la noticia completa<\/a>.<\/p>\n","protected":false},"excerpt":{"rendered":"Marcos Judel advierte que la creciente regulaci\u00f3n en privacidad e IA exige a empresas y DPO adaptarse, formarse y demostrar el cumplimiento normativo. <A CLASS=\"read-more\" HREF=\"https:\/\/www.audens.es\/sala-de-prensa\/ecnomist-jurist-los-retos-para-la-proteccion-de-datos-en-2025\/\">[+]<\/A>","protected":false},"author":1,"featured_media":0,"comment_status":"closed","ping_status":"open","sticky":false,"template":"","format":"standard","meta":{"footnotes":""},"categories":[164],"tags":[83,13,23],"medio":[215],"organizador":[],"class_list":["post-2254","post","type-post","status-publish","format-standard","hentry","category-prensa-escrita","tag-inteligencia-artificial","tag-marcos-judel","tag-proteccion-de-datos","medio-economist-jurist"],"_links":{"self":[{"href":"https:\/\/www.audens.es\/sala-de-prensa\/wp-json\/wp\/v2\/posts\/2254","targetHints":{"allow":["GET"]}}],"collection":[{"href":"https:\/\/www.audens.es\/sala-de-prensa\/wp-json\/wp\/v2\/posts"}],"about":[{"href":"https:\/\/www.audens.es\/sala-de-prensa\/wp-json\/wp\/v2\/types\/post"}],"author":[{"embeddable":true,"href":"https:\/\/www.audens.es\/sala-de-prensa\/wp-json\/wp\/v2\/users\/1"}],"replies":[{"embeddable":true,"href":"https:\/\/www.audens.es\/sala-de-prensa\/wp-json\/wp\/v2\/comments?post=2254"}],"version-history":[{"count":3,"href":"https:\/\/www.audens.es\/sala-de-prensa\/wp-json\/wp\/v2\/posts\/2254\/revisions"}],"predecessor-version":[{"id":2259,"href":"https:\/\/www.audens.es\/sala-de-prensa\/wp-json\/wp\/v2\/posts\/2254\/revisions\/2259"}],"wp:attachment":[{"href":"https:\/\/www.audens.es\/sala-de-prensa\/wp-json\/wp\/v2\/media?parent=2254"}],"wp:term":[{"taxonomy":"category","embeddable":true,"href":"https:\/\/www.audens.es\/sala-de-prensa\/wp-json\/wp\/v2\/categories?post=2254"},{"taxonomy":"post_tag","embeddable":true,"href":"https:\/\/www.audens.es\/sala-de-prensa\/wp-json\/wp\/v2\/tags?post=2254"},{"taxonomy":"medio","embeddable":true,"href":"https:\/\/www.audens.es\/sala-de-prensa\/wp-json\/wp\/v2\/medio?post=2254"},{"taxonomy":"organizador","embeddable":true,"href":"https:\/\/www.audens.es\/sala-de-prensa\/wp-json\/wp\/v2\/organizador?post=2254"}],"curies":[{"name":"wp","href":"https:\/\/api.w.org\/{rel}","templated":true}]}}