{"id":2168,"date":"2024-11-11T10:00:00","date_gmt":"2024-11-11T09:00:00","guid":{"rendered":"https:\/\/www.audens.es\/sala-de-prensa\/?p=2168"},"modified":"2024-11-11T14:22:20","modified_gmt":"2024-11-11T13:22:20","slug":"telecinco-los-bulos-de-la-gota-fria","status":"publish","type":"post","link":"https:\/\/www.audens.es\/sala-de-prensa\/telecinco-los-bulos-de-la-gota-fria\/","title":{"rendered":"Los bulos de la gota fr\u00eda"},"content":{"rendered":"<div class=\"wp-block-image\">\n<figure class=\"aligncenter size-full\"><img loading=\"lazy\" decoding=\"async\" width=\"525\" height=\"295\" src=\"https:\/\/www.audens.es\/sala-de-prensa\/wp-content\/uploads\/2024\/11\/t5.jpg\" alt=\"\" class=\"wp-image-2169\" srcset=\"https:\/\/www.audens.es\/sala-de-prensa\/wp-content\/uploads\/2024\/11\/t5.jpg 525w, https:\/\/www.audens.es\/sala-de-prensa\/wp-content\/uploads\/2024\/11\/t5-300x169.jpg 300w\" sizes=\"auto, (max-width: 525px) 100vw, 525px\" \/><\/figure>\n<\/div>\n\n\n<p>Nuestro compa\u00f1ero <a href=\"https:\/\/www.audens.es\/leandro-nunez.php\">Leandro N\u00fa\u00f1ez<\/a> ha opinado, en Informativos Telecinco, sobre las consecuencias legales que pueden derivarse de la propagaci\u00f3n de bulos a trav\u00e9s de Internet, en especial en situaciones cr\u00edticas, como la derivada de los efectos de la tragedia recientemente provocada por la DANA.<\/p>\n\n\n\n<p>Puedes <a href=\"https:\/\/www.telecinco.es\/noticias\/valencia\/20241110\/bulos-dana-peligrosos_18_013964690.html\">ver la noticia completa<\/a>.<\/p>\n","protected":false},"excerpt":{"rendered":"Nuestro compa\u00f1ero Leandro N\u00fa\u00f1ez ha opinado, en Informativos Telecinco, sobre las consecuencias legales que pueden derivarse de la propagaci\u00f3n de bulos a trav\u00e9s de Internet. <A CLASS=\"read-more\" HREF=\"https:\/\/www.audens.es\/sala-de-prensa\/telecinco-los-bulos-de-la-gota-fria\/\">[+]<\/A>","protected":false},"author":1,"featured_media":0,"comment_status":"closed","ping_status":"open","sticky":false,"template":"","format":"standard","meta":{"footnotes":""},"categories":[162],"tags":[7,82],"medio":[206],"organizador":[],"class_list":["post-2168","post","type-post","status-publish","format-standard","hentry","category-television","tag-leandro-nunez","tag-redes-sociales","medio-telecinco"],"_links":{"self":[{"href":"https:\/\/www.audens.es\/sala-de-prensa\/wp-json\/wp\/v2\/posts\/2168","targetHints":{"allow":["GET"]}}],"collection":[{"href":"https:\/\/www.audens.es\/sala-de-prensa\/wp-json\/wp\/v2\/posts"}],"about":[{"href":"https:\/\/www.audens.es\/sala-de-prensa\/wp-json\/wp\/v2\/types\/post"}],"author":[{"embeddable":true,"href":"https:\/\/www.audens.es\/sala-de-prensa\/wp-json\/wp\/v2\/users\/1"}],"replies":[{"embeddable":true,"href":"https:\/\/www.audens.es\/sala-de-prensa\/wp-json\/wp\/v2\/comments?post=2168"}],"version-history":[{"count":1,"href":"https:\/\/www.audens.es\/sala-de-prensa\/wp-json\/wp\/v2\/posts\/2168\/revisions"}],"predecessor-version":[{"id":2170,"href":"https:\/\/www.audens.es\/sala-de-prensa\/wp-json\/wp\/v2\/posts\/2168\/revisions\/2170"}],"wp:attachment":[{"href":"https:\/\/www.audens.es\/sala-de-prensa\/wp-json\/wp\/v2\/media?parent=2168"}],"wp:term":[{"taxonomy":"category","embeddable":true,"href":"https:\/\/www.audens.es\/sala-de-prensa\/wp-json\/wp\/v2\/categories?post=2168"},{"taxonomy":"post_tag","embeddable":true,"href":"https:\/\/www.audens.es\/sala-de-prensa\/wp-json\/wp\/v2\/tags?post=2168"},{"taxonomy":"medio","embeddable":true,"href":"https:\/\/www.audens.es\/sala-de-prensa\/wp-json\/wp\/v2\/medio?post=2168"},{"taxonomy":"organizador","embeddable":true,"href":"https:\/\/www.audens.es\/sala-de-prensa\/wp-json\/wp\/v2\/organizador?post=2168"}],"curies":[{"name":"wp","href":"https:\/\/api.w.org\/{rel}","templated":true}]}}