{"id":2148,"date":"2024-10-21T15:00:00","date_gmt":"2024-10-21T13:00:00","guid":{"rendered":"https:\/\/www.audens.es\/sala-de-prensa\/?p=2148"},"modified":"2024-11-02T18:42:27","modified_gmt":"2024-11-02T17:42:27","slug":"computer-world-el-impacto-de-las-sanciones-europeas-a-google-y-apple","status":"publish","type":"post","link":"https:\/\/www.audens.es\/sala-de-prensa\/computer-world-el-impacto-de-las-sanciones-europeas-a-google-y-apple\/","title":{"rendered":"El impacto de las sanciones europeas a Google y Apple"},"content":{"rendered":"<div class=\"wp-block-image\">\n<figure class=\"aligncenter size-full\"><img loading=\"lazy\" decoding=\"async\" width=\"525\" height=\"350\" src=\"https:\/\/www.audens.es\/sala-de-prensa\/wp-content\/uploads\/2024\/11\/techno.jpg\" alt=\"\" class=\"wp-image-2149\" srcset=\"https:\/\/www.audens.es\/sala-de-prensa\/wp-content\/uploads\/2024\/11\/techno.jpg 525w, https:\/\/www.audens.es\/sala-de-prensa\/wp-content\/uploads\/2024\/11\/techno-300x200.jpg 300w\" sizes=\"auto, (max-width: 525px) 100vw, 525px\" \/><\/figure>\n<\/div>\n\n\n<p>Las recientes sanciones a Google y Apple en la Uni\u00f3n Europea han reavivado el debate sobre el control de las grandes tecnol\u00f3gicas. Nuestro socio <a href=\"https:\/\/www.audens.es\/leandro-nunez.php\">Leandro N\u00fa\u00f1ez<\/a>, como secretario general de Enatic, ha explicado en Computer World que la posici\u00f3n de dominio de empresas como Google no es problem\u00e1tica en s\u00ed, salvo cuando se incurre en abusos. La multa de 2.420 millones, confirmada por el TJUE, ejemplifica la importancia de regular el comportamiento de estas compa\u00f1\u00edas cuando alcanzan determinadas magnitudes.<\/p>\n\n\n\n<p>Foto: <a href=\"https:\/\/unsplash.com\/es\/fotos\/low-angle-photography-of-building-VviFtDJakYk\">Matthew Henry<\/a> (via Unsplash)<br>Puedes <a href=\"https:\/\/www.computerworld.es\/article\/3573201\/que-consecuencias-pueden-tener-las-sanciones-a-google-y-apple-para-el-sector-tecnologico.html\">leer la noticia completa<\/a>.<\/p>\n","protected":false},"excerpt":{"rendered":"Leandro N\u00fa\u00f1ez alerta que, aunque el dominio de empresas como Google y Apple no es en s\u00ed negativo, el riesgo surge cuando se abusa de este poder en el mercado. <A CLASS=\"read-more\" HREF=\"https:\/\/www.audens.es\/sala-de-prensa\/computer-world-el-impacto-de-las-sanciones-europeas-a-google-y-apple\/\">[+]<\/A>","protected":false},"author":1,"featured_media":0,"comment_status":"closed","ping_status":"open","sticky":false,"template":"","format":"standard","meta":{"footnotes":""},"categories":[164],"tags":[113,7],"medio":[239],"organizador":[],"class_list":["post-2148","post","type-post","status-publish","format-standard","hentry","category-prensa-escrita","tag-competencia","tag-leandro-nunez","medio-computer-world"],"_links":{"self":[{"href":"https:\/\/www.audens.es\/sala-de-prensa\/wp-json\/wp\/v2\/posts\/2148","targetHints":{"allow":["GET"]}}],"collection":[{"href":"https:\/\/www.audens.es\/sala-de-prensa\/wp-json\/wp\/v2\/posts"}],"about":[{"href":"https:\/\/www.audens.es\/sala-de-prensa\/wp-json\/wp\/v2\/types\/post"}],"author":[{"embeddable":true,"href":"https:\/\/www.audens.es\/sala-de-prensa\/wp-json\/wp\/v2\/users\/1"}],"replies":[{"embeddable":true,"href":"https:\/\/www.audens.es\/sala-de-prensa\/wp-json\/wp\/v2\/comments?post=2148"}],"version-history":[{"count":2,"href":"https:\/\/www.audens.es\/sala-de-prensa\/wp-json\/wp\/v2\/posts\/2148\/revisions"}],"predecessor-version":[{"id":2152,"href":"https:\/\/www.audens.es\/sala-de-prensa\/wp-json\/wp\/v2\/posts\/2148\/revisions\/2152"}],"wp:attachment":[{"href":"https:\/\/www.audens.es\/sala-de-prensa\/wp-json\/wp\/v2\/media?parent=2148"}],"wp:term":[{"taxonomy":"category","embeddable":true,"href":"https:\/\/www.audens.es\/sala-de-prensa\/wp-json\/wp\/v2\/categories?post=2148"},{"taxonomy":"post_tag","embeddable":true,"href":"https:\/\/www.audens.es\/sala-de-prensa\/wp-json\/wp\/v2\/tags?post=2148"},{"taxonomy":"medio","embeddable":true,"href":"https:\/\/www.audens.es\/sala-de-prensa\/wp-json\/wp\/v2\/medio?post=2148"},{"taxonomy":"organizador","embeddable":true,"href":"https:\/\/www.audens.es\/sala-de-prensa\/wp-json\/wp\/v2\/organizador?post=2148"}],"curies":[{"name":"wp","href":"https:\/\/api.w.org\/{rel}","templated":true}]}}