{"id":2138,"date":"2024-10-09T13:30:00","date_gmt":"2024-10-09T11:30:00","guid":{"rendered":"https:\/\/www.audens.es\/sala-de-prensa\/?p=2138"},"modified":"2024-10-09T13:56:35","modified_gmt":"2024-10-09T11:56:35","slug":"the-objective-el-registro-de-viajeros-del-ministerio-del-interior-aprobado-sin-evaluacion-de-impacto","status":"publish","type":"post","link":"https:\/\/www.audens.es\/sala-de-prensa\/the-objective-el-registro-de-viajeros-del-ministerio-del-interior-aprobado-sin-evaluacion-de-impacto\/","title":{"rendered":"El registro de viajeros del Ministerio del Interior, aprobado sin evaluaci\u00f3n de impacto"},"content":{"rendered":"<div class=\"wp-block-image\">\n<figure class=\"aligncenter size-full\"><img loading=\"lazy\" decoding=\"async\" width=\"525\" height=\"350\" src=\"https:\/\/www.audens.es\/sala-de-prensa\/wp-content\/uploads\/2024\/10\/check-in.jpg\" alt=\"\" class=\"wp-image-2139\" srcset=\"https:\/\/www.audens.es\/sala-de-prensa\/wp-content\/uploads\/2024\/10\/check-in.jpg 525w, https:\/\/www.audens.es\/sala-de-prensa\/wp-content\/uploads\/2024\/10\/check-in-300x200.jpg 300w\" sizes=\"auto, (max-width: 525px) 100vw, 525px\" \/><\/figure>\n<\/div>\n\n\n<p>Nuestro compa\u00f1ero <a href=\"https:\/\/www.audens.es\/leandro-nunez.php\">Leandro N\u00fa\u00f1ez<\/a> ha opinado en The Objective sobre la ausencia de una evaluaci\u00f3n de impacto en el nuevo registro de viajeros que pretende implementar el Ministerio del Interior, que obliga a recoger hasta 43 datos personales de los clientes de hoteles, agencias de viajes o empresas de alquiler de veh\u00edculos. N\u00fa\u00f1ez advierte que esta omisi\u00f3n es preocupante, ya que el tratamiento de datos personales debe superar un test de proporcionalidad y someterse a una adecuada gesti\u00f3n de riesgos, garantizando que solo se recojan aquellos datos que resulten imprescindibles para la finalidad que se persiga, en cada caso.<\/p>\n\n\n\n<p>Foto: <a href=\"https:\/\/unsplash.com\/es\/fotos\/fotografia-del-interior-del-edificio-l5fDJ3I-9Uk\">Nick Fewings<\/a> (via Unsplash)<br>Puedes <a href=\"https:\/\/theobjective.com\/economia\/2024-10-09\/interior-registro-viajeros-evaluar\/\">leer la noticia completa<\/a>.<\/p>\n","protected":false},"excerpt":{"rendered":"Leandro N\u00fa\u00f1ez aprecia dudas sobre la proporcionalidad de esta medida, desde la perspectiva de la normativa de protecci\u00f3n de datos. <A CLASS=\"read-more\" HREF=\"https:\/\/www.audens.es\/sala-de-prensa\/the-objective-el-registro-de-viajeros-del-ministerio-del-interior-aprobado-sin-evaluacion-de-impacto\/\">[+]<\/A>","protected":false},"author":1,"featured_media":0,"comment_status":"closed","ping_status":"open","sticky":false,"template":"","format":"standard","meta":{"footnotes":""},"categories":[164],"tags":[7,23],"medio":[130],"organizador":[],"class_list":["post-2138","post","type-post","status-publish","format-standard","hentry","category-prensa-escrita","tag-leandro-nunez","tag-proteccion-de-datos","medio-the-objective"],"_links":{"self":[{"href":"https:\/\/www.audens.es\/sala-de-prensa\/wp-json\/wp\/v2\/posts\/2138","targetHints":{"allow":["GET"]}}],"collection":[{"href":"https:\/\/www.audens.es\/sala-de-prensa\/wp-json\/wp\/v2\/posts"}],"about":[{"href":"https:\/\/www.audens.es\/sala-de-prensa\/wp-json\/wp\/v2\/types\/post"}],"author":[{"embeddable":true,"href":"https:\/\/www.audens.es\/sala-de-prensa\/wp-json\/wp\/v2\/users\/1"}],"replies":[{"embeddable":true,"href":"https:\/\/www.audens.es\/sala-de-prensa\/wp-json\/wp\/v2\/comments?post=2138"}],"version-history":[{"count":2,"href":"https:\/\/www.audens.es\/sala-de-prensa\/wp-json\/wp\/v2\/posts\/2138\/revisions"}],"predecessor-version":[{"id":2141,"href":"https:\/\/www.audens.es\/sala-de-prensa\/wp-json\/wp\/v2\/posts\/2138\/revisions\/2141"}],"wp:attachment":[{"href":"https:\/\/www.audens.es\/sala-de-prensa\/wp-json\/wp\/v2\/media?parent=2138"}],"wp:term":[{"taxonomy":"category","embeddable":true,"href":"https:\/\/www.audens.es\/sala-de-prensa\/wp-json\/wp\/v2\/categories?post=2138"},{"taxonomy":"post_tag","embeddable":true,"href":"https:\/\/www.audens.es\/sala-de-prensa\/wp-json\/wp\/v2\/tags?post=2138"},{"taxonomy":"medio","embeddable":true,"href":"https:\/\/www.audens.es\/sala-de-prensa\/wp-json\/wp\/v2\/medio?post=2138"},{"taxonomy":"organizador","embeddable":true,"href":"https:\/\/www.audens.es\/sala-de-prensa\/wp-json\/wp\/v2\/organizador?post=2138"}],"curies":[{"name":"wp","href":"https:\/\/api.w.org\/{rel}","templated":true}]}}