{"id":2135,"date":"2024-09-20T15:00:00","date_gmt":"2024-09-20T13:00:00","guid":{"rendered":"https:\/\/www.audens.es\/sala-de-prensa\/?p=2135"},"modified":"2024-10-06T12:41:01","modified_gmt":"2024-10-06T10:41:01","slug":"la-proteccion-de-la-infancia-en-entornos-digitales","status":"publish","type":"post","link":"https:\/\/www.audens.es\/sala-de-prensa\/la-proteccion-de-la-infancia-en-entornos-digitales\/","title":{"rendered":"La protecci\u00f3n de la infancia en entornos digitales"},"content":{"rendered":"<div class=\"wp-block-image\">\n<figure class=\"aligncenter size-full\"><img loading=\"lazy\" decoding=\"async\" width=\"575\" height=\"323\" src=\"https:\/\/www.audens.es\/sala-de-prensa\/wp-content\/uploads\/2024\/10\/proteccion-infancia.jpg\" alt=\"\" class=\"wp-image-2136\" srcset=\"https:\/\/www.audens.es\/sala-de-prensa\/wp-content\/uploads\/2024\/10\/proteccion-infancia.jpg 575w, https:\/\/www.audens.es\/sala-de-prensa\/wp-content\/uploads\/2024\/10\/proteccion-infancia-300x169.jpg 300w\" sizes=\"auto, (max-width: 575px) 100vw, 575px\" \/><\/figure>\n<\/div>\n\n\n<p>Nuestra compa\u00f1era <a href=\"https:\/\/www.audens.es\/maitane-valdecantos.php\">Maitane Valdecantos<\/a> es una de las coautoras de la obra \u00abLa protecci\u00f3n de la infancia en entornos digitales\u00bb, editada por Dykinson y coordinada por Delia Rodr\u00edguez. La obra aborda las distintas respuestas que ha dado el Derecho a los riesgos que la tecnolog\u00eda presenta para la infancia. Maitane ha centrado su an\u00e1lisis en las implicaciones del llamado \u00abderecho de supresi\u00f3n\u00bb o \u00abderecho al olvido\u00bb en los menores de edad.<\/p>\n\n\n\n<p>Puedes <a href=\"https:\/\/www.dykinson.com\/libros\/la-proteccion-de-la-infancia-en-entornos-digitales\/9788410706620\/\">adquirirlo aqu\u00ed<\/a>.<\/p>\n","protected":false},"excerpt":{"rendered":"Nuestra compa\u00f1era Maitane Valdecantos es una de las coautoras de la obra \u00abLa protecci\u00f3n de la infancia en entornos digitales\u00bb, editada por Dykinson y coordinada por Delia Rodr\u00edguez. La obra aborda las distintas respuestas que ha dado el Derecho a los riesgos que la tecnolog\u00eda presenta para la infancia. Maitane ha centrado su an\u00e1lisis en [&hellip;] <A CLASS=\"read-more\" HREF=\"https:\/\/www.audens.es\/sala-de-prensa\/la-proteccion-de-la-infancia-en-entornos-digitales\/\">[+]<\/A>","protected":false},"author":1,"featured_media":0,"comment_status":"closed","ping_status":"open","sticky":false,"template":"","format":"standard","meta":{"footnotes":""},"categories":[5],"tags":[56,237,12],"medio":[],"organizador":[],"class_list":["post-2135","post","type-post","status-publish","format-standard","hentry","category-publicaciones","tag-derechos-digitales","tag-dykinson-libros","tag-maitane-valdecantos"],"_links":{"self":[{"href":"https:\/\/www.audens.es\/sala-de-prensa\/wp-json\/wp\/v2\/posts\/2135","targetHints":{"allow":["GET"]}}],"collection":[{"href":"https:\/\/www.audens.es\/sala-de-prensa\/wp-json\/wp\/v2\/posts"}],"about":[{"href":"https:\/\/www.audens.es\/sala-de-prensa\/wp-json\/wp\/v2\/types\/post"}],"author":[{"embeddable":true,"href":"https:\/\/www.audens.es\/sala-de-prensa\/wp-json\/wp\/v2\/users\/1"}],"replies":[{"embeddable":true,"href":"https:\/\/www.audens.es\/sala-de-prensa\/wp-json\/wp\/v2\/comments?post=2135"}],"version-history":[{"count":1,"href":"https:\/\/www.audens.es\/sala-de-prensa\/wp-json\/wp\/v2\/posts\/2135\/revisions"}],"predecessor-version":[{"id":2137,"href":"https:\/\/www.audens.es\/sala-de-prensa\/wp-json\/wp\/v2\/posts\/2135\/revisions\/2137"}],"wp:attachment":[{"href":"https:\/\/www.audens.es\/sala-de-prensa\/wp-json\/wp\/v2\/media?parent=2135"}],"wp:term":[{"taxonomy":"category","embeddable":true,"href":"https:\/\/www.audens.es\/sala-de-prensa\/wp-json\/wp\/v2\/categories?post=2135"},{"taxonomy":"post_tag","embeddable":true,"href":"https:\/\/www.audens.es\/sala-de-prensa\/wp-json\/wp\/v2\/tags?post=2135"},{"taxonomy":"medio","embeddable":true,"href":"https:\/\/www.audens.es\/sala-de-prensa\/wp-json\/wp\/v2\/medio?post=2135"},{"taxonomy":"organizador","embeddable":true,"href":"https:\/\/www.audens.es\/sala-de-prensa\/wp-json\/wp\/v2\/organizador?post=2135"}],"curies":[{"name":"wp","href":"https:\/\/api.w.org\/{rel}","templated":true}]}}