{"id":2131,"date":"2024-08-24T21:30:00","date_gmt":"2024-08-24T19:30:00","guid":{"rendered":"https:\/\/www.audens.es\/sala-de-prensa\/?p=2131"},"modified":"2024-08-25T18:38:38","modified_gmt":"2024-08-25T16:38:38","slug":"telecinco-propuestas-de-la-fiscalia-para-combatir-bulos-en-redes-sociales","status":"publish","type":"post","link":"https:\/\/www.audens.es\/sala-de-prensa\/telecinco-propuestas-de-la-fiscalia-para-combatir-bulos-en-redes-sociales\/","title":{"rendered":"Propuestas de la fiscal\u00eda para combatir bulos en redes sociales"},"content":{"rendered":"<div class=\"wp-block-image\">\n<figure class=\"aligncenter size-full\"><img loading=\"lazy\" decoding=\"async\" width=\"525\" height=\"295\" src=\"https:\/\/www.audens.es\/sala-de-prensa\/wp-content\/uploads\/2024\/08\/judelt5.jpg\" alt=\"\" class=\"wp-image-2132\" srcset=\"https:\/\/www.audens.es\/sala-de-prensa\/wp-content\/uploads\/2024\/08\/judelt5.jpg 525w, https:\/\/www.audens.es\/sala-de-prensa\/wp-content\/uploads\/2024\/08\/judelt5-300x169.jpg 300w\" sizes=\"auto, (max-width: 525px) 100vw, 525px\" \/><\/figure>\n<\/div>\n\n\n<p>Tras los bulos difundidos en redes por el crimen de Mocej\u00f3n, nuestro compa\u00f1ero <a href=\"https:\/\/www.audens.es\/marcos-judel.php\">Marcos Judel<\/a> ha sido entrevistado en Informativos Telecinco, donde ha explicado la propuesta de la fiscal\u00eda de actualizar el C\u00f3digo Penal para unificar criterios contra los delitos de odio online. Judel destac\u00f3 la dificultad de identificar a los responsables debido a la ubicaci\u00f3n de las plataformas en terceros pa\u00edses, y explic\u00f3 en qu\u00e9 consistir\u00eda la pena accesoria de prohibir el uso de redes a quienes cometan estos delitos.<\/p>\n\n\n\n<p>Puedes <a href=\"https:\/\/www.telecinco.es\/noticias\/sociedad\/20240824\/abogado-marcos-judel-bulos-redes-crimen-mocejon_18_013296600.html\">ver la noticia completa<\/a>.<\/p>\n","protected":false},"excerpt":{"rendered":"Tras los bulos difundidos en redes por el crimen de Mocej\u00f3n, nuestro compa\u00f1ero Marcos Judel ha sido entrevistado en Informativos Telecinco, donde ha explicado la propuesta de la fiscal\u00eda de actualizar el C\u00f3digo Penal para unificar criterios contra los delitos de odio online. Judel destac\u00f3 la dificultad de identificar a los responsables debido a la [&hellip;] <A CLASS=\"read-more\" HREF=\"https:\/\/www.audens.es\/sala-de-prensa\/telecinco-propuestas-de-la-fiscalia-para-combatir-bulos-en-redes-sociales\/\">[+]<\/A>","protected":false},"author":1,"featured_media":0,"comment_status":"closed","ping_status":"open","sticky":false,"template":"","format":"standard","meta":{"footnotes":""},"categories":[162],"tags":[13,82],"medio":[206],"organizador":[],"class_list":["post-2131","post","type-post","status-publish","format-standard","hentry","category-television","tag-marcos-judel","tag-redes-sociales","medio-telecinco"],"_links":{"self":[{"href":"https:\/\/www.audens.es\/sala-de-prensa\/wp-json\/wp\/v2\/posts\/2131","targetHints":{"allow":["GET"]}}],"collection":[{"href":"https:\/\/www.audens.es\/sala-de-prensa\/wp-json\/wp\/v2\/posts"}],"about":[{"href":"https:\/\/www.audens.es\/sala-de-prensa\/wp-json\/wp\/v2\/types\/post"}],"author":[{"embeddable":true,"href":"https:\/\/www.audens.es\/sala-de-prensa\/wp-json\/wp\/v2\/users\/1"}],"replies":[{"embeddable":true,"href":"https:\/\/www.audens.es\/sala-de-prensa\/wp-json\/wp\/v2\/comments?post=2131"}],"version-history":[{"count":1,"href":"https:\/\/www.audens.es\/sala-de-prensa\/wp-json\/wp\/v2\/posts\/2131\/revisions"}],"predecessor-version":[{"id":2133,"href":"https:\/\/www.audens.es\/sala-de-prensa\/wp-json\/wp\/v2\/posts\/2131\/revisions\/2133"}],"wp:attachment":[{"href":"https:\/\/www.audens.es\/sala-de-prensa\/wp-json\/wp\/v2\/media?parent=2131"}],"wp:term":[{"taxonomy":"category","embeddable":true,"href":"https:\/\/www.audens.es\/sala-de-prensa\/wp-json\/wp\/v2\/categories?post=2131"},{"taxonomy":"post_tag","embeddable":true,"href":"https:\/\/www.audens.es\/sala-de-prensa\/wp-json\/wp\/v2\/tags?post=2131"},{"taxonomy":"medio","embeddable":true,"href":"https:\/\/www.audens.es\/sala-de-prensa\/wp-json\/wp\/v2\/medio?post=2131"},{"taxonomy":"organizador","embeddable":true,"href":"https:\/\/www.audens.es\/sala-de-prensa\/wp-json\/wp\/v2\/organizador?post=2131"}],"curies":[{"name":"wp","href":"https:\/\/api.w.org\/{rel}","templated":true}]}}