{"id":2057,"date":"2024-04-19T10:00:00","date_gmt":"2024-04-19T08:00:00","guid":{"rendered":"https:\/\/www.audens.es\/sala-de-prensa\/?p=2057"},"modified":"2024-07-31T00:33:30","modified_gmt":"2024-07-30T22:33:30","slug":"bilbao-a-i-confluence-day","status":"publish","type":"post","link":"https:\/\/www.audens.es\/sala-de-prensa\/bilbao-a-i-confluence-day\/","title":{"rendered":"Bilbao A.I. Confluence Day"},"content":{"rendered":"<div class=\"wp-block-image\">\n<figure class=\"aligncenter size-full\"><img loading=\"lazy\" decoding=\"async\" width=\"525\" height=\"338\" src=\"https:\/\/www.audens.es\/sala-de-prensa\/wp-content\/uploads\/2024\/07\/confluence.jpg\" alt=\"\" class=\"wp-image-2058\" srcset=\"https:\/\/www.audens.es\/sala-de-prensa\/wp-content\/uploads\/2024\/07\/confluence.jpg 525w, https:\/\/www.audens.es\/sala-de-prensa\/wp-content\/uploads\/2024\/07\/confluence-300x193.jpg 300w\" sizes=\"auto, (max-width: 525px) 100vw, 525px\" \/><\/figure>\n<\/div>\n\n\n<p>Nuestra compa\u00f1era <a href=\"https:\/\/www.audens.es\/maitane-valdecantos.php\">Maitane Valdecantos<\/a> participar\u00e1 en el Bilbao A.I. Confluence Day, evento que se celebrar\u00e1 en la Sociedad Vizca\u00edna el pr\u00f3ximo 26 de abril. En concreto, impartir\u00e1 una ponencia sobre la nueva normativa europea en materia de inteligencia artificial.<\/p>\n\n\n\n<p><a href=\"https:\/\/adacsl.com\/iaclonfuenceday\">M\u00e1s informaci\u00f3n e inscripciones<\/a>.<\/p>\n","protected":false},"excerpt":{"rendered":"Nuestra compa\u00f1era Maitane Valdecantos participar\u00e1 en el Bilbao A.I. Confluence Day, evento que se celebrar\u00e1 en la Sociedad Vizca\u00edna el pr\u00f3ximo 26 de abril. En concreto, impartir\u00e1 una ponencia sobre la nueva normativa europea en materia de inteligencia artificial. <A CLASS=\"read-more\" HREF=\"https:\/\/www.audens.es\/sala-de-prensa\/bilbao-a-i-confluence-day\/\">[+]<\/A>","protected":false},"author":1,"featured_media":0,"comment_status":"closed","ping_status":"open","sticky":false,"template":"","format":"standard","meta":{"footnotes":""},"categories":[2],"tags":[83,12],"medio":[],"organizador":[],"class_list":["post-2057","post","type-post","status-publish","format-standard","hentry","category-eventos","tag-inteligencia-artificial","tag-maitane-valdecantos"],"_links":{"self":[{"href":"https:\/\/www.audens.es\/sala-de-prensa\/wp-json\/wp\/v2\/posts\/2057","targetHints":{"allow":["GET"]}}],"collection":[{"href":"https:\/\/www.audens.es\/sala-de-prensa\/wp-json\/wp\/v2\/posts"}],"about":[{"href":"https:\/\/www.audens.es\/sala-de-prensa\/wp-json\/wp\/v2\/types\/post"}],"author":[{"embeddable":true,"href":"https:\/\/www.audens.es\/sala-de-prensa\/wp-json\/wp\/v2\/users\/1"}],"replies":[{"embeddable":true,"href":"https:\/\/www.audens.es\/sala-de-prensa\/wp-json\/wp\/v2\/comments?post=2057"}],"version-history":[{"count":1,"href":"https:\/\/www.audens.es\/sala-de-prensa\/wp-json\/wp\/v2\/posts\/2057\/revisions"}],"predecessor-version":[{"id":2059,"href":"https:\/\/www.audens.es\/sala-de-prensa\/wp-json\/wp\/v2\/posts\/2057\/revisions\/2059"}],"wp:attachment":[{"href":"https:\/\/www.audens.es\/sala-de-prensa\/wp-json\/wp\/v2\/media?parent=2057"}],"wp:term":[{"taxonomy":"category","embeddable":true,"href":"https:\/\/www.audens.es\/sala-de-prensa\/wp-json\/wp\/v2\/categories?post=2057"},{"taxonomy":"post_tag","embeddable":true,"href":"https:\/\/www.audens.es\/sala-de-prensa\/wp-json\/wp\/v2\/tags?post=2057"},{"taxonomy":"medio","embeddable":true,"href":"https:\/\/www.audens.es\/sala-de-prensa\/wp-json\/wp\/v2\/medio?post=2057"},{"taxonomy":"organizador","embeddable":true,"href":"https:\/\/www.audens.es\/sala-de-prensa\/wp-json\/wp\/v2\/organizador?post=2057"}],"curies":[{"name":"wp","href":"https:\/\/api.w.org\/{rel}","templated":true}]}}