{"id":1992,"date":"2023-01-14T10:00:00","date_gmt":"2023-01-14T09:00:00","guid":{"rendered":"https:\/\/www.audens.es\/sala-de-prensa\/?p=1992"},"modified":"2023-12-09T14:14:15","modified_gmt":"2023-12-09T13:14:15","slug":"la-vanguardia-es-legal-incluir-a-un-trabajador-en-un-grupo-de-whatsapp","status":"publish","type":"post","link":"https:\/\/www.audens.es\/sala-de-prensa\/la-vanguardia-es-legal-incluir-a-un-trabajador-en-un-grupo-de-whatsapp\/","title":{"rendered":"\u00bfEs legal incluir a un trabajador en un grupo de WhatsApp?"},"content":{"rendered":"<div class=\"wp-block-image\">\n<figure class=\"aligncenter size-full\"><img loading=\"lazy\" decoding=\"async\" width=\"575\" height=\"323\" src=\"https:\/\/www.audens.es\/sala-de-prensa\/wp-content\/uploads\/2023\/12\/whatsapp.jpg\" alt=\"\" class=\"wp-image-1993\" srcset=\"https:\/\/www.audens.es\/sala-de-prensa\/wp-content\/uploads\/2023\/12\/whatsapp.jpg 575w, https:\/\/www.audens.es\/sala-de-prensa\/wp-content\/uploads\/2023\/12\/whatsapp-300x169.jpg 300w\" sizes=\"auto, (max-width: 575px) 100vw, 575px\" \/><\/figure>\n<\/div>\n\n\n<p>En una reciente resoluci\u00f3n, la Agencia Espa\u00f1ola de Protecci\u00f3n de Datos consider\u00f3 que la inclusi\u00f3n de un trabajador, sin su consentimiento, en un grupo de WhatsApp creado por la empresa, no supon\u00eda la vulneraci\u00f3n de su privacidad. Para analizar esta resoluci\u00f3n, que podr\u00eda suponer un cambio en la doctrina de la AEPD, La Vanguardia ha contado con la opini\u00f3n de nuestro compa\u00f1ero <a href=\"https:\/\/www.audens.es\/leandro-nunez.php\">Leandro N\u00fa\u00f1ez<\/a>.<\/p>\n\n\n\n<p>Foto: Brett Jordan (v\u00eda Unsplash)<br>Puedes <a href=\"https:\/\/www.lavanguardia.com\/economia\/20230113\/8681699\/aepd-avala-incluir-trabajador-grupo-whatsapp-permiso.html\">leer la noticia completa<\/a>.<\/p>\n","protected":false},"excerpt":{"rendered":"Leandro N\u00fa\u00f1ez opina en La Vanguardia sobre la reciente resoluci\u00f3n de la AEPD, seg\u00fan la cual incluir a un trabajador, sin su consentimiento, en un grupo de WhatsApp de la empresa no supone la vulneraci\u00f3n de su privacidad <A CLASS=\"read-more\" HREF=\"https:\/\/www.audens.es\/sala-de-prensa\/la-vanguardia-es-legal-incluir-a-un-trabajador-en-un-grupo-de-whatsapp\/\">[+]<\/A>","protected":false},"author":1,"featured_media":0,"comment_status":"closed","ping_status":"open","sticky":false,"template":"","format":"standard","meta":{"footnotes":""},"categories":[164],"tags":[7,23,82],"medio":[47],"organizador":[],"class_list":["post-1992","post","type-post","status-publish","format-standard","hentry","category-prensa-escrita","tag-leandro-nunez","tag-proteccion-de-datos","tag-redes-sociales","medio-la-vanguardia"],"_links":{"self":[{"href":"https:\/\/www.audens.es\/sala-de-prensa\/wp-json\/wp\/v2\/posts\/1992","targetHints":{"allow":["GET"]}}],"collection":[{"href":"https:\/\/www.audens.es\/sala-de-prensa\/wp-json\/wp\/v2\/posts"}],"about":[{"href":"https:\/\/www.audens.es\/sala-de-prensa\/wp-json\/wp\/v2\/types\/post"}],"author":[{"embeddable":true,"href":"https:\/\/www.audens.es\/sala-de-prensa\/wp-json\/wp\/v2\/users\/1"}],"replies":[{"embeddable":true,"href":"https:\/\/www.audens.es\/sala-de-prensa\/wp-json\/wp\/v2\/comments?post=1992"}],"version-history":[{"count":1,"href":"https:\/\/www.audens.es\/sala-de-prensa\/wp-json\/wp\/v2\/posts\/1992\/revisions"}],"predecessor-version":[{"id":1994,"href":"https:\/\/www.audens.es\/sala-de-prensa\/wp-json\/wp\/v2\/posts\/1992\/revisions\/1994"}],"wp:attachment":[{"href":"https:\/\/www.audens.es\/sala-de-prensa\/wp-json\/wp\/v2\/media?parent=1992"}],"wp:term":[{"taxonomy":"category","embeddable":true,"href":"https:\/\/www.audens.es\/sala-de-prensa\/wp-json\/wp\/v2\/categories?post=1992"},{"taxonomy":"post_tag","embeddable":true,"href":"https:\/\/www.audens.es\/sala-de-prensa\/wp-json\/wp\/v2\/tags?post=1992"},{"taxonomy":"medio","embeddable":true,"href":"https:\/\/www.audens.es\/sala-de-prensa\/wp-json\/wp\/v2\/medio?post=1992"},{"taxonomy":"organizador","embeddable":true,"href":"https:\/\/www.audens.es\/sala-de-prensa\/wp-json\/wp\/v2\/organizador?post=1992"}],"curies":[{"name":"wp","href":"https:\/\/api.w.org\/{rel}","templated":true}]}}