{"id":1987,"date":"2023-05-04T13:00:00","date_gmt":"2023-05-04T11:00:00","guid":{"rendered":"https:\/\/www.audens.es\/sala-de-prensa\/?p=1987"},"modified":"2023-12-09T14:06:41","modified_gmt":"2023-12-09T13:06:41","slug":"tourinews-son-abusivas-las-tarifas-de-las-entidades-de-gestion","status":"publish","type":"post","link":"https:\/\/www.audens.es\/sala-de-prensa\/tourinews-son-abusivas-las-tarifas-de-las-entidades-de-gestion\/","title":{"rendered":"\u00bfSon abusivas las tarifas de las entidades de gesti\u00f3n?"},"content":{"rendered":"<div class=\"wp-block-image\">\n<figure class=\"aligncenter size-full\"><img loading=\"lazy\" decoding=\"async\" width=\"575\" height=\"323\" src=\"https:\/\/www.audens.es\/sala-de-prensa\/wp-content\/uploads\/2023\/12\/hotel.jpg\" alt=\"\" class=\"wp-image-1988\" srcset=\"https:\/\/www.audens.es\/sala-de-prensa\/wp-content\/uploads\/2023\/12\/hotel.jpg 575w, https:\/\/www.audens.es\/sala-de-prensa\/wp-content\/uploads\/2023\/12\/hotel-300x169.jpg 300w\" sizes=\"auto, (max-width: 575px) 100vw, 575px\" \/><\/figure>\n<\/div>\n\n\n<p>Con motivo de la aprobaci\u00f3n, por Egeda, de las tarifas que se aplicar\u00e1n a los hoteles por la comunicaci\u00f3n p\u00fablica de obras audiovisuales a trav\u00e9s de las televisiones instaladas en sus habitaciones, nuestro socio <a href=\"https:\/\/www.audens.es\/leandro-nunez.php\">Leandro N\u00fa\u00f1ez<\/a> explica en Tourinews el origen de estos derechos remuneratorios, los conflictos derivados del c\u00e1lculo de estas tarifas y el panorama de las entidades de gesti\u00f3n de derechos de propiedad intelectual en Espa\u00f1a.<\/p>\n\n\n\n<p>Foto: <a href=\"https:\/\/unsplash.com\/es\/fotos\/ropa-de-cama-blanca-cerca-de-la-puerta-de-madera-marron-_pn-DDCSj8c\">Point3D Commercial Imaging Ltd.<\/a> (v\u00eda Unsplash)<br>Puedes <a href=\"https:\/\/www.tourinews.es\/noticias\/propiedad-intelectual-hoteles-entidades-de-gestion-abogado-leandro-nunez_4474785_102.html\">leer la entrevista completa<\/a>.<\/p>\n","protected":false},"excerpt":{"rendered":"Leandro N\u00fa\u00f1ez explica el origen de estos derechos remuneratorios, los conflictos derivados del c\u00e1lculo de estas tarifas y el panorama de las entidades de gesti\u00f3n de derechos de propiedad intelectual en Espa\u00f1a. <A CLASS=\"read-more\" HREF=\"https:\/\/www.audens.es\/sala-de-prensa\/tourinews-son-abusivas-las-tarifas-de-las-entidades-de-gestion\/\">[+]<\/A>","protected":false},"author":1,"featured_media":0,"comment_status":"closed","ping_status":"open","sticky":false,"template":"","format":"standard","meta":{"footnotes":""},"categories":[164],"tags":[7,20],"medio":[229],"organizador":[],"class_list":["post-1987","post","type-post","status-publish","format-standard","hentry","category-prensa-escrita","tag-leandro-nunez","tag-propiedad-intelectual","medio-tourinews"],"_links":{"self":[{"href":"https:\/\/www.audens.es\/sala-de-prensa\/wp-json\/wp\/v2\/posts\/1987","targetHints":{"allow":["GET"]}}],"collection":[{"href":"https:\/\/www.audens.es\/sala-de-prensa\/wp-json\/wp\/v2\/posts"}],"about":[{"href":"https:\/\/www.audens.es\/sala-de-prensa\/wp-json\/wp\/v2\/types\/post"}],"author":[{"embeddable":true,"href":"https:\/\/www.audens.es\/sala-de-prensa\/wp-json\/wp\/v2\/users\/1"}],"replies":[{"embeddable":true,"href":"https:\/\/www.audens.es\/sala-de-prensa\/wp-json\/wp\/v2\/comments?post=1987"}],"version-history":[{"count":2,"href":"https:\/\/www.audens.es\/sala-de-prensa\/wp-json\/wp\/v2\/posts\/1987\/revisions"}],"predecessor-version":[{"id":1991,"href":"https:\/\/www.audens.es\/sala-de-prensa\/wp-json\/wp\/v2\/posts\/1987\/revisions\/1991"}],"wp:attachment":[{"href":"https:\/\/www.audens.es\/sala-de-prensa\/wp-json\/wp\/v2\/media?parent=1987"}],"wp:term":[{"taxonomy":"category","embeddable":true,"href":"https:\/\/www.audens.es\/sala-de-prensa\/wp-json\/wp\/v2\/categories?post=1987"},{"taxonomy":"post_tag","embeddable":true,"href":"https:\/\/www.audens.es\/sala-de-prensa\/wp-json\/wp\/v2\/tags?post=1987"},{"taxonomy":"medio","embeddable":true,"href":"https:\/\/www.audens.es\/sala-de-prensa\/wp-json\/wp\/v2\/medio?post=1987"},{"taxonomy":"organizador","embeddable":true,"href":"https:\/\/www.audens.es\/sala-de-prensa\/wp-json\/wp\/v2\/organizador?post=1987"}],"curies":[{"name":"wp","href":"https:\/\/api.w.org\/{rel}","templated":true}]}}