{"id":1974,"date":"2022-09-15T10:30:00","date_gmt":"2022-09-15T08:30:00","guid":{"rendered":"https:\/\/www.audens.es\/sala-de-prensa\/?p=1974"},"modified":"2023-12-06T17:50:28","modified_gmt":"2023-12-06T16:50:28","slug":"cinco-dias-las-empresas-deben-informar-sobre-el-tratamiento-de-datos-de-los-cvs-que-reciban","status":"publish","type":"post","link":"https:\/\/www.audens.es\/sala-de-prensa\/cinco-dias-las-empresas-deben-informar-sobre-el-tratamiento-de-datos-de-los-cvs-que-reciban\/","title":{"rendered":"Las empresas deben informar sobre el tratamiento de datos de los CVs que reciban"},"content":{"rendered":"<div class=\"wp-block-image\">\n<figure class=\"aligncenter size-full\"><img loading=\"lazy\" decoding=\"async\" width=\"575\" height=\"323\" src=\"https:\/\/www.audens.es\/sala-de-prensa\/wp-content\/uploads\/2023\/12\/cvs.jpg\" alt=\"\" class=\"wp-image-1975\" srcset=\"https:\/\/www.audens.es\/sala-de-prensa\/wp-content\/uploads\/2023\/12\/cvs.jpg 575w, https:\/\/www.audens.es\/sala-de-prensa\/wp-content\/uploads\/2023\/12\/cvs-300x169.jpg 300w\" sizes=\"auto, (max-width: 575px) 100vw, 575px\" \/><\/figure>\n<\/div>\n\n\n<p>Los procesos de selecci\u00f3n implican el tratamiento de datos personales de los candidatos. Aun cuando una empresa no tenga un proceso en marcha, debe informar a quienes le env\u00eden su CV de los aspectos esenciales de este tratamiento. Leandro N\u00fa\u00f1ez ofrece, en Cinco D\u00edas, algunas pistas sobre c\u00f3mo cumplir con esta obligaci\u00f3n de transparencia, y sobre las consecuencias de no hacerlo.<\/p>\n\n\n\n<p>Foto: <a href=\"https:\/\/unsplash.com\/es\/fotos\/un-letrero-que-dice-que-estamos-contratando-y-aplicando-hoy-B3UFXwcVbc4\">Eric Prouzet<\/a> (v\u00eda Unsplash)<br>Puedes <a href=\"https:\/\/cincodias.elpais.com\/cincodias\/2022\/09\/14\/legal\/1663162727_706314.html\">leer la noticia completa<\/a>.<\/p>\n","protected":false},"excerpt":{"rendered":"Leandro N\u00fa\u00f1ez ofrece algunas pistas sobre c\u00f3mo cumplir con esta obligaci\u00f3n de transparencia hacia los candidatos, y sobre las consecuencias de no hacerlo. <A CLASS=\"read-more\" HREF=\"https:\/\/www.audens.es\/sala-de-prensa\/cinco-dias-las-empresas-deben-informar-sobre-el-tratamiento-de-datos-de-los-cvs-que-reciban\/\">[+]<\/A>","protected":false},"author":1,"featured_media":0,"comment_status":"closed","ping_status":"open","sticky":false,"template":"","format":"standard","meta":{"footnotes":""},"categories":[164],"tags":[7,23],"medio":[48],"organizador":[],"class_list":["post-1974","post","type-post","status-publish","format-standard","hentry","category-prensa-escrita","tag-leandro-nunez","tag-proteccion-de-datos","medio-cinco-dias"],"_links":{"self":[{"href":"https:\/\/www.audens.es\/sala-de-prensa\/wp-json\/wp\/v2\/posts\/1974","targetHints":{"allow":["GET"]}}],"collection":[{"href":"https:\/\/www.audens.es\/sala-de-prensa\/wp-json\/wp\/v2\/posts"}],"about":[{"href":"https:\/\/www.audens.es\/sala-de-prensa\/wp-json\/wp\/v2\/types\/post"}],"author":[{"embeddable":true,"href":"https:\/\/www.audens.es\/sala-de-prensa\/wp-json\/wp\/v2\/users\/1"}],"replies":[{"embeddable":true,"href":"https:\/\/www.audens.es\/sala-de-prensa\/wp-json\/wp\/v2\/comments?post=1974"}],"version-history":[{"count":1,"href":"https:\/\/www.audens.es\/sala-de-prensa\/wp-json\/wp\/v2\/posts\/1974\/revisions"}],"predecessor-version":[{"id":1976,"href":"https:\/\/www.audens.es\/sala-de-prensa\/wp-json\/wp\/v2\/posts\/1974\/revisions\/1976"}],"wp:attachment":[{"href":"https:\/\/www.audens.es\/sala-de-prensa\/wp-json\/wp\/v2\/media?parent=1974"}],"wp:term":[{"taxonomy":"category","embeddable":true,"href":"https:\/\/www.audens.es\/sala-de-prensa\/wp-json\/wp\/v2\/categories?post=1974"},{"taxonomy":"post_tag","embeddable":true,"href":"https:\/\/www.audens.es\/sala-de-prensa\/wp-json\/wp\/v2\/tags?post=1974"},{"taxonomy":"medio","embeddable":true,"href":"https:\/\/www.audens.es\/sala-de-prensa\/wp-json\/wp\/v2\/medio?post=1974"},{"taxonomy":"organizador","embeddable":true,"href":"https:\/\/www.audens.es\/sala-de-prensa\/wp-json\/wp\/v2\/organizador?post=1974"}],"curies":[{"name":"wp","href":"https:\/\/api.w.org\/{rel}","templated":true}]}}