{"id":1964,"date":"2022-10-06T13:00:00","date_gmt":"2022-10-06T11:00:00","guid":{"rendered":"https:\/\/www.audens.es\/sala-de-prensa\/?p=1964"},"modified":"2023-12-06T17:23:45","modified_gmt":"2023-12-06T16:23:45","slug":"economist-jurist-acosar-a-alguien-abriendo-perfiles-falsos-en-redes-sociales-puede-ser-un-delito","status":"publish","type":"post","link":"https:\/\/www.audens.es\/sala-de-prensa\/economist-jurist-acosar-a-alguien-abriendo-perfiles-falsos-en-redes-sociales-puede-ser-un-delito\/","title":{"rendered":"Acosar a alguien abriendo perfiles falsos en redes sociales puede ser un delito"},"content":{"rendered":"<div class=\"wp-block-image\">\n<figure class=\"aligncenter size-full\"><img loading=\"lazy\" decoding=\"async\" width=\"575\" height=\"323\" src=\"https:\/\/www.audens.es\/sala-de-prensa\/wp-content\/uploads\/2023\/12\/acoso.jpg\" alt=\"\" class=\"wp-image-1965\" srcset=\"https:\/\/www.audens.es\/sala-de-prensa\/wp-content\/uploads\/2023\/12\/acoso.jpg 575w, https:\/\/www.audens.es\/sala-de-prensa\/wp-content\/uploads\/2023\/12\/acoso-300x169.jpg 300w\" sizes=\"auto, (max-width: 575px) 100vw, 575px\" \/><\/figure>\n<\/div>\n\n\n<p>La ley de \u00absolo s\u00ed es s\u00ed\u00bb ha tra\u00eddo consigo una modificaci\u00f3n del C\u00f3digo Penal en relaci\u00f3n con los delitos de acoso, que entra en vigor ma\u00f1ana: ocasionar a alguien una situaci\u00f3n de acoso, hostigamiento o humillaci\u00f3n tras abrir perfiles falsos con su imagen en redes sociales o p\u00e1ginas de contacto pasa a ser una conducta punible. Nuestro compa\u00f1ero <a href=\"https:\/\/www.audens.es\/leandro-nunez.php\">Leandro N\u00fa\u00f1ez<\/a> participa en un reportaje sobre este nuevo subtipo delictivo, relacionado con el derecho fundamental a la propia imagen.<\/p>\n\n\n\n<p>Foto: <a href=\"https:\/\/unsplash.com\/es\/fotos\/hombre-de-pie-mientras-usa-chaqueta-negra--M_f3f8DGRg\">Nadine Shaabana<\/a> (v\u00eda Unsplash)<br>Puedes <a href=\"https:\/\/www.economistjurist.es\/articulos-juridicos-destacados\/la-suplantacion-de-identidad-en-internet-que-genere-acoso-o-humillacion-a-la-victima-tendra-reproche-penal\/\">leer la noticia completa<\/a>.<\/p>\n","protected":false},"excerpt":{"rendered":"Leandro N\u00fa\u00f1ez participa en un reportaje sobre este nuevo subtipo delictivo incorporado por la ley de \u00absolo s\u00ed es s\u00ed\u00bb, que tipifica por primera vez una serie de conductas relacionadas con el derecho a la propia imagen. <A CLASS=\"read-more\" HREF=\"https:\/\/www.audens.es\/sala-de-prensa\/economist-jurist-acosar-a-alguien-abriendo-perfiles-falsos-en-redes-sociales-puede-ser-un-delito\/\">[+]<\/A>","protected":false},"author":1,"featured_media":0,"comment_status":"closed","ping_status":"open","sticky":false,"template":"","format":"standard","meta":{"footnotes":""},"categories":[164],"tags":[84,72,7],"medio":[215],"organizador":[],"class_list":["post-1964","post","type-post","status-publish","format-standard","hentry","category-prensa-escrita","tag-delitos-informaticos","tag-derechos-de-imagen","tag-leandro-nunez","medio-economist-jurist"],"_links":{"self":[{"href":"https:\/\/www.audens.es\/sala-de-prensa\/wp-json\/wp\/v2\/posts\/1964","targetHints":{"allow":["GET"]}}],"collection":[{"href":"https:\/\/www.audens.es\/sala-de-prensa\/wp-json\/wp\/v2\/posts"}],"about":[{"href":"https:\/\/www.audens.es\/sala-de-prensa\/wp-json\/wp\/v2\/types\/post"}],"author":[{"embeddable":true,"href":"https:\/\/www.audens.es\/sala-de-prensa\/wp-json\/wp\/v2\/users\/1"}],"replies":[{"embeddable":true,"href":"https:\/\/www.audens.es\/sala-de-prensa\/wp-json\/wp\/v2\/comments?post=1964"}],"version-history":[{"count":1,"href":"https:\/\/www.audens.es\/sala-de-prensa\/wp-json\/wp\/v2\/posts\/1964\/revisions"}],"predecessor-version":[{"id":1966,"href":"https:\/\/www.audens.es\/sala-de-prensa\/wp-json\/wp\/v2\/posts\/1964\/revisions\/1966"}],"wp:attachment":[{"href":"https:\/\/www.audens.es\/sala-de-prensa\/wp-json\/wp\/v2\/media?parent=1964"}],"wp:term":[{"taxonomy":"category","embeddable":true,"href":"https:\/\/www.audens.es\/sala-de-prensa\/wp-json\/wp\/v2\/categories?post=1964"},{"taxonomy":"post_tag","embeddable":true,"href":"https:\/\/www.audens.es\/sala-de-prensa\/wp-json\/wp\/v2\/tags?post=1964"},{"taxonomy":"medio","embeddable":true,"href":"https:\/\/www.audens.es\/sala-de-prensa\/wp-json\/wp\/v2\/medio?post=1964"},{"taxonomy":"organizador","embeddable":true,"href":"https:\/\/www.audens.es\/sala-de-prensa\/wp-json\/wp\/v2\/organizador?post=1964"}],"curies":[{"name":"wp","href":"https:\/\/api.w.org\/{rel}","templated":true}]}}