{"id":195,"date":"2019-02-08T20:00:50","date_gmt":"2019-02-08T19:00:50","guid":{"rendered":"https:\/\/www.audens.es\/sala-de-prensa\/?p=195"},"modified":"2020-01-29T12:41:41","modified_gmt":"2020-01-29T11:41:41","slug":"tratado-de-proteccion-de-datos","status":"publish","type":"post","link":"https:\/\/www.audens.es\/sala-de-prensa\/tratado-de-proteccion-de-datos\/","title":{"rendered":"Tratado de protecci\u00f3n de datos"},"content":{"rendered":"\n<div class=\"wp-block-image\"><figure class=\"aligncenter size-full\"><a href=\"https:\/\/www.tirant.com\/editorial\/libro\/tratado-de-proteccion-de-datos-artemi-rallo-lombarte-9788413132822\" target=\"_blank\" rel=\"noreferrer noopener\"><img loading=\"lazy\" decoding=\"async\" width=\"575\" height=\"323\" src=\"https:\/\/www.audens.es\/sala-de-prensa\/wp-content\/uploads\/2019\/06\/tratado.jpg\" alt=\"Tratado de protecci\u00f3n de datos\" class=\"wp-image-196\" srcset=\"https:\/\/www.audens.es\/sala-de-prensa\/wp-content\/uploads\/2019\/06\/tratado.jpg 575w, https:\/\/www.audens.es\/sala-de-prensa\/wp-content\/uploads\/2019\/06\/tratado-300x169.jpg 300w\" sizes=\"auto, (max-width: 575px) 100vw, 575px\" \/><\/a><\/figure><\/div>\n\n\n\n<p>Ya est\u00e1 disponible la obra \u00abTratado de Protecci\u00f3n de Datos\u00bb, dirigida por Artemi Rallo y editada por Tirant Lo Blanch, de la que es coautor nuestro compa\u00f1ero <a href=\"https:\/\/www.audens.es\/leandro-nunez.php\">Leandro N\u00fa\u00f1ez<\/a>. El libro pretende dotar al profesional vinculado a la protecci\u00f3n de datos de un actualizado an\u00e1lisis global del nuevo marco normativo y, al tiempo, de estudios especializados en aspectos singulares.<\/p>\n\n\n\n<p>Puedes adquirirlo <a href=\"https:\/\/www.tirant.com\/editorial\/libro\/tratado-de-proteccion-de-datos-artemi-rallo-lombarte-9788413132822\" target=\"_blank\" rel=\"noreferrer noopener\" aria-label=\"tanto en formato papel como en digital (abre en una nueva pesta\u00f1a)\">tanto en formato papel como en digital<\/a>.<\/p>\n","protected":false},"excerpt":{"rendered":"Ya est\u00e1 disponible la obra \u00abTratado de Protecci\u00f3n de Datos\u00bb, dirigida por Artemi Rallo y editada por Tirant Lo Blanch, de la que es coautor nuestro compa\u00f1ero Leandro N\u00fa\u00f1ez. El libro pretende dotar al profesional vinculado a la protecci\u00f3n de datos de un actualizado an\u00e1lisis global del nuevo marco normativo y, al tiempo, de estudios [&hellip;] <A CLASS=\"read-more\" HREF=\"https:\/\/www.audens.es\/sala-de-prensa\/tratado-de-proteccion-de-datos\/\">[+]<\/A>","protected":false},"author":1,"featured_media":0,"comment_status":"closed","ping_status":"open","sticky":false,"template":"","format":"standard","meta":{"footnotes":""},"categories":[5],"tags":[7,23,66],"medio":[],"organizador":[],"class_list":["post-195","post","type-post","status-publish","format-standard","hentry","category-publicaciones","tag-leandro-nunez","tag-proteccion-de-datos","tag-tirant-lo-blanch"],"_links":{"self":[{"href":"https:\/\/www.audens.es\/sala-de-prensa\/wp-json\/wp\/v2\/posts\/195","targetHints":{"allow":["GET"]}}],"collection":[{"href":"https:\/\/www.audens.es\/sala-de-prensa\/wp-json\/wp\/v2\/posts"}],"about":[{"href":"https:\/\/www.audens.es\/sala-de-prensa\/wp-json\/wp\/v2\/types\/post"}],"author":[{"embeddable":true,"href":"https:\/\/www.audens.es\/sala-de-prensa\/wp-json\/wp\/v2\/users\/1"}],"replies":[{"embeddable":true,"href":"https:\/\/www.audens.es\/sala-de-prensa\/wp-json\/wp\/v2\/comments?post=195"}],"version-history":[{"count":3,"href":"https:\/\/www.audens.es\/sala-de-prensa\/wp-json\/wp\/v2\/posts\/195\/revisions"}],"predecessor-version":[{"id":624,"href":"https:\/\/www.audens.es\/sala-de-prensa\/wp-json\/wp\/v2\/posts\/195\/revisions\/624"}],"wp:attachment":[{"href":"https:\/\/www.audens.es\/sala-de-prensa\/wp-json\/wp\/v2\/media?parent=195"}],"wp:term":[{"taxonomy":"category","embeddable":true,"href":"https:\/\/www.audens.es\/sala-de-prensa\/wp-json\/wp\/v2\/categories?post=195"},{"taxonomy":"post_tag","embeddable":true,"href":"https:\/\/www.audens.es\/sala-de-prensa\/wp-json\/wp\/v2\/tags?post=195"},{"taxonomy":"medio","embeddable":true,"href":"https:\/\/www.audens.es\/sala-de-prensa\/wp-json\/wp\/v2\/medio?post=195"},{"taxonomy":"organizador","embeddable":true,"href":"https:\/\/www.audens.es\/sala-de-prensa\/wp-json\/wp\/v2\/organizador?post=195"}],"curies":[{"name":"wp","href":"https:\/\/api.w.org\/{rel}","templated":true}]}}