{"id":1941,"date":"2023-12-04T18:30:00","date_gmt":"2023-12-04T17:30:00","guid":{"rendered":"https:\/\/www.audens.es\/sala-de-prensa\/?p=1941"},"modified":"2023-12-04T21:59:08","modified_gmt":"2023-12-04T20:59:08","slug":"economist-jurist-es-legal-el-nuevo-modelo-de-pago-de-meta","status":"publish","type":"post","link":"https:\/\/www.audens.es\/sala-de-prensa\/economist-jurist-es-legal-el-nuevo-modelo-de-pago-de-meta\/","title":{"rendered":"\u00bfEs legal el nuevo modelo de pago de Meta?"},"content":{"rendered":"<div class=\"wp-block-image\">\n<figure class=\"aligncenter size-full\"><img loading=\"lazy\" decoding=\"async\" width=\"575\" height=\"323\" src=\"https:\/\/www.audens.es\/sala-de-prensa\/wp-content\/uploads\/2023\/12\/meta.jpg\" alt=\"\" class=\"wp-image-1942\" srcset=\"https:\/\/www.audens.es\/sala-de-prensa\/wp-content\/uploads\/2023\/12\/meta.jpg 575w, https:\/\/www.audens.es\/sala-de-prensa\/wp-content\/uploads\/2023\/12\/meta-300x169.jpg 300w\" sizes=\"auto, (max-width: 575px) 100vw, 575px\" \/><\/figure>\n<\/div>\n\n\n<p>El Comit\u00e9 Europeo de Protecci\u00f3n de Datos adopt\u00f3, hace semanas, una decisi\u00f3n vinculante obligando a Meta a obtener el consentimiento de sus usuarios para poder tratar su informaci\u00f3n personal para decidir qu\u00e9 publicidad mostrarles en cada momento. Meta reaccion\u00f3 ofreci\u00e9ndoles una alternativa premium, libre de anuncios&#8230; y ello ha desembocado en denuncias de asociaciones de consumidores, e incluso demandas de la patronal de la prensa escrita. Nuestro socio <a href=\"https:\/\/www.audens.es\/leandro-nunez.php\">Leandro N\u00fa\u00f1ez<\/a> explica las claves de esta problem\u00e1tica en Economist &amp; Jurist.<\/p>\n\n\n\n<p>Foto: <a href=\"https:\/\/unsplash.com\/es\/fotos\/una-pila-de-bloques-coloridos-con-iconos-sociales-en-ellos-ZOdMXpVUjqA\">Bastian Riccardi<\/a> (via Unsplash)<br>Puedes <a href=\"https:\/\/www.economistjurist.es\/noticias-juridicas\/meta-en-el-ojo-del-huracan-la-prensa-espanola-le-reclama-550-millones-de-euros-y-los-consumidores-europeos-le-denuncian\/\">leer el reportaje completo<\/a>.<\/p>\n","protected":false},"excerpt":{"rendered":"La multinacional americana recibe varias denuncias y demandas por su nuevo modelo premium. Leandro N\u00fa\u00f1ez explica las claves de esta problem\u00e1tica. <A CLASS=\"read-more\" HREF=\"https:\/\/www.audens.es\/sala-de-prensa\/economist-jurist-es-legal-el-nuevo-modelo-de-pago-de-meta\/\">[+]<\/A>","protected":false},"author":1,"featured_media":0,"comment_status":"closed","ping_status":"open","sticky":false,"template":"","format":"standard","meta":{"footnotes":""},"categories":[164],"tags":[53,7,23],"medio":[215],"organizador":[],"class_list":["post-1941","post","type-post","status-publish","format-standard","hentry","category-prensa-escrita","tag-consumidores-y-usuarios","tag-leandro-nunez","tag-proteccion-de-datos","medio-economist-jurist"],"_links":{"self":[{"href":"https:\/\/www.audens.es\/sala-de-prensa\/wp-json\/wp\/v2\/posts\/1941","targetHints":{"allow":["GET"]}}],"collection":[{"href":"https:\/\/www.audens.es\/sala-de-prensa\/wp-json\/wp\/v2\/posts"}],"about":[{"href":"https:\/\/www.audens.es\/sala-de-prensa\/wp-json\/wp\/v2\/types\/post"}],"author":[{"embeddable":true,"href":"https:\/\/www.audens.es\/sala-de-prensa\/wp-json\/wp\/v2\/users\/1"}],"replies":[{"embeddable":true,"href":"https:\/\/www.audens.es\/sala-de-prensa\/wp-json\/wp\/v2\/comments?post=1941"}],"version-history":[{"count":1,"href":"https:\/\/www.audens.es\/sala-de-prensa\/wp-json\/wp\/v2\/posts\/1941\/revisions"}],"predecessor-version":[{"id":1943,"href":"https:\/\/www.audens.es\/sala-de-prensa\/wp-json\/wp\/v2\/posts\/1941\/revisions\/1943"}],"wp:attachment":[{"href":"https:\/\/www.audens.es\/sala-de-prensa\/wp-json\/wp\/v2\/media?parent=1941"}],"wp:term":[{"taxonomy":"category","embeddable":true,"href":"https:\/\/www.audens.es\/sala-de-prensa\/wp-json\/wp\/v2\/categories?post=1941"},{"taxonomy":"post_tag","embeddable":true,"href":"https:\/\/www.audens.es\/sala-de-prensa\/wp-json\/wp\/v2\/tags?post=1941"},{"taxonomy":"medio","embeddable":true,"href":"https:\/\/www.audens.es\/sala-de-prensa\/wp-json\/wp\/v2\/medio?post=1941"},{"taxonomy":"organizador","embeddable":true,"href":"https:\/\/www.audens.es\/sala-de-prensa\/wp-json\/wp\/v2\/organizador?post=1941"}],"curies":[{"name":"wp","href":"https:\/\/api.w.org\/{rel}","templated":true}]}}