{"id":1924,"date":"2023-06-08T17:00:00","date_gmt":"2023-06-08T15:00:00","guid":{"rendered":"https:\/\/www.audens.es\/sala-de-prensa\/?p=1924"},"modified":"2023-11-28T20:46:48","modified_gmt":"2023-11-28T19:46:48","slug":"maldita-es-limites-a-la-publicidad-de-influencers-en-redes-sociales","status":"publish","type":"post","link":"https:\/\/www.audens.es\/sala-de-prensa\/maldita-es-limites-a-la-publicidad-de-influencers-en-redes-sociales\/","title":{"rendered":"L\u00edmites a la publicidad de \u00abinfluencers\u00bb en redes sociales"},"content":{"rendered":"<div class=\"wp-block-image\">\n<figure class=\"aligncenter size-full\"><img loading=\"lazy\" decoding=\"async\" width=\"575\" height=\"323\" src=\"https:\/\/www.audens.es\/sala-de-prensa\/wp-content\/uploads\/2023\/11\/influencer.jpg\" alt=\"\" class=\"wp-image-1925\" srcset=\"https:\/\/www.audens.es\/sala-de-prensa\/wp-content\/uploads\/2023\/11\/influencer.jpg 575w, https:\/\/www.audens.es\/sala-de-prensa\/wp-content\/uploads\/2023\/11\/influencer-300x169.jpg 300w\" sizes=\"auto, (max-width: 575px) 100vw, 575px\" \/><\/figure>\n<\/div>\n\n\n<p>Los \u00abinfluencers\u00bb tambi\u00e9n est\u00e1n sometidos a la normativa que regula la publicidad, cuando realizan campa\u00f1as en sus diferentes redes sociales. Maldita.es analiza, con nuestra socia <a href=\"https:\/\/www.audens.es\/maitane-valdecantos.php\">Maitane Valdecantos<\/a>, no solo las reglas que establece cada plataforma, sino tambi\u00e9n las leyes vigentes en Espa\u00f1a. La transparencia en cuanto a la naturaleza publicitaria de cada acci\u00f3n publicidad es esencial.<\/p>\n\n\n\n<p>Foto: <a href=\"https:\/\/www.freepik.es\/foto-gratis\/mujer-haciendo-vlog-maquillaje-su-smartphone_16408856.htm\">Freepik<\/a><br>Puedes <a href=\"https:\/\/maldita.es\/malditatecnologia\/20230608\/normas-publicidad-rrss-influencers-plataformas-y-sanciones\/\">leer la noticia completa<\/a>.<\/p>\n","protected":false},"excerpt":{"rendered":"Maitane Valdecantos analiza las principales normas que deben cumplir los \u00abinfluencers\u00bb a la hora de realizar acciones publicitarias en sus redes sociales. <A CLASS=\"read-more\" HREF=\"https:\/\/www.audens.es\/sala-de-prensa\/maldita-es-limites-a-la-publicidad-de-influencers-en-redes-sociales\/\">[+]<\/A>","protected":false},"author":1,"featured_media":0,"comment_status":"closed","ping_status":"open","sticky":false,"template":"","format":"standard","meta":{"footnotes":""},"categories":[164],"tags":[12,22,82],"medio":[193],"organizador":[],"class_list":["post-1924","post","type-post","status-publish","format-standard","hentry","category-prensa-escrita","tag-maitane-valdecantos","tag-publicidad","tag-redes-sociales","medio-maldita-es"],"_links":{"self":[{"href":"https:\/\/www.audens.es\/sala-de-prensa\/wp-json\/wp\/v2\/posts\/1924","targetHints":{"allow":["GET"]}}],"collection":[{"href":"https:\/\/www.audens.es\/sala-de-prensa\/wp-json\/wp\/v2\/posts"}],"about":[{"href":"https:\/\/www.audens.es\/sala-de-prensa\/wp-json\/wp\/v2\/types\/post"}],"author":[{"embeddable":true,"href":"https:\/\/www.audens.es\/sala-de-prensa\/wp-json\/wp\/v2\/users\/1"}],"replies":[{"embeddable":true,"href":"https:\/\/www.audens.es\/sala-de-prensa\/wp-json\/wp\/v2\/comments?post=1924"}],"version-history":[{"count":1,"href":"https:\/\/www.audens.es\/sala-de-prensa\/wp-json\/wp\/v2\/posts\/1924\/revisions"}],"predecessor-version":[{"id":1926,"href":"https:\/\/www.audens.es\/sala-de-prensa\/wp-json\/wp\/v2\/posts\/1924\/revisions\/1926"}],"wp:attachment":[{"href":"https:\/\/www.audens.es\/sala-de-prensa\/wp-json\/wp\/v2\/media?parent=1924"}],"wp:term":[{"taxonomy":"category","embeddable":true,"href":"https:\/\/www.audens.es\/sala-de-prensa\/wp-json\/wp\/v2\/categories?post=1924"},{"taxonomy":"post_tag","embeddable":true,"href":"https:\/\/www.audens.es\/sala-de-prensa\/wp-json\/wp\/v2\/tags?post=1924"},{"taxonomy":"medio","embeddable":true,"href":"https:\/\/www.audens.es\/sala-de-prensa\/wp-json\/wp\/v2\/medio?post=1924"},{"taxonomy":"organizador","embeddable":true,"href":"https:\/\/www.audens.es\/sala-de-prensa\/wp-json\/wp\/v2\/organizador?post=1924"}],"curies":[{"name":"wp","href":"https:\/\/api.w.org\/{rel}","templated":true}]}}