{"id":1860,"date":"2023-05-24T10:00:00","date_gmt":"2023-05-24T08:00:00","guid":{"rendered":"https:\/\/www.audens.es\/sala-de-prensa\/?p=1860"},"modified":"2026-01-25T18:56:51","modified_gmt":"2026-01-25T17:56:51","slug":"jornada-sobre-el-proyecto-de-nueva-ley-vasca-sobre-proteccion-de-datos","status":"publish","type":"post","link":"https:\/\/www.audens.es\/sala-de-prensa\/jornada-sobre-el-proyecto-de-nueva-ley-vasca-sobre-proteccion-de-datos\/","title":{"rendered":"Jornada sobre el proyecto de nueva ley vasca sobre protecci\u00f3n de datos"},"content":{"rendered":"<div class=\"wp-block-image\">\n<figure class=\"aligncenter size-full\"><img loading=\"lazy\" decoding=\"async\" width=\"600\" height=\"200\" src=\"https:\/\/www.audens.es\/sala-de-prensa\/wp-content\/uploads\/2023\/11\/deusto.jpg\" alt=\"\" class=\"wp-image-1861\" srcset=\"https:\/\/www.audens.es\/sala-de-prensa\/wp-content\/uploads\/2023\/11\/deusto.jpg 600w, https:\/\/www.audens.es\/sala-de-prensa\/wp-content\/uploads\/2023\/11\/deusto-300x100.jpg 300w\" sizes=\"auto, (max-width: 600px) 100vw, 600px\" \/><\/figure>\n<\/div>\n\n\n<p>Con motivo de la tramitaci\u00f3n parlamentaria del proyecto de ley vasca de protecci\u00f3n de datos, la Universidad de Deusto y APEP organizan, el pr\u00f3ximo 31 de mayo, una jornada en la que se debatir\u00e1 sobre el articulado de esta nueva norma, su impacto para los profesionales de la privacidad y el futuro rol de la Agencia Vasca de Protecci\u00f3n de Datos. Participan nuestros compa\u00f1eros <a href=\"https:\/\/www.audens.es\/maitane-valdecantos.php\">Maitane Valdecantos<\/a> y <a href=\"https:\/\/www.audens.es\/marcos-judel.php\">Marcos Judel<\/a>.<\/p>\n\n\n\n<p>Puedes <a href=\"https:\/\/docs.google.com\/forms\/d\/e\/1FAIpQLSdEMpWwK2jZQW9dvgpJSQwjL3ACemUulj1fcvXMkpHK3DyrNQ\/viewform\">inscribirte<\/a>.<\/p>\n","protected":false},"excerpt":{"rendered":"Maitane Valdecantos y Marcos Judel participan en una jornada en la que se debatir\u00e1 acerca del articulado de esta nueva norma y su impacto para los profesionales de la privacidad. <A CLASS=\"read-more\" HREF=\"https:\/\/www.audens.es\/sala-de-prensa\/jornada-sobre-el-proyecto-de-nueva-ley-vasca-sobre-proteccion-de-datos\/\">[+]<\/A>","protected":false},"author":1,"featured_media":0,"comment_status":"closed","ping_status":"open","sticky":false,"template":"","format":"standard","meta":{"footnotes":""},"categories":[2],"tags":[12,13,23],"medio":[],"organizador":[272,214],"class_list":["post-1860","post","type-post","status-publish","format-standard","hentry","category-eventos","tag-maitane-valdecantos","tag-marcos-judel","tag-proteccion-de-datos","organizador-apep","organizador-universidad-de-deusto"],"_links":{"self":[{"href":"https:\/\/www.audens.es\/sala-de-prensa\/wp-json\/wp\/v2\/posts\/1860","targetHints":{"allow":["GET"]}}],"collection":[{"href":"https:\/\/www.audens.es\/sala-de-prensa\/wp-json\/wp\/v2\/posts"}],"about":[{"href":"https:\/\/www.audens.es\/sala-de-prensa\/wp-json\/wp\/v2\/types\/post"}],"author":[{"embeddable":true,"href":"https:\/\/www.audens.es\/sala-de-prensa\/wp-json\/wp\/v2\/users\/1"}],"replies":[{"embeddable":true,"href":"https:\/\/www.audens.es\/sala-de-prensa\/wp-json\/wp\/v2\/comments?post=1860"}],"version-history":[{"count":2,"href":"https:\/\/www.audens.es\/sala-de-prensa\/wp-json\/wp\/v2\/posts\/1860\/revisions"}],"predecessor-version":[{"id":2549,"href":"https:\/\/www.audens.es\/sala-de-prensa\/wp-json\/wp\/v2\/posts\/1860\/revisions\/2549"}],"wp:attachment":[{"href":"https:\/\/www.audens.es\/sala-de-prensa\/wp-json\/wp\/v2\/media?parent=1860"}],"wp:term":[{"taxonomy":"category","embeddable":true,"href":"https:\/\/www.audens.es\/sala-de-prensa\/wp-json\/wp\/v2\/categories?post=1860"},{"taxonomy":"post_tag","embeddable":true,"href":"https:\/\/www.audens.es\/sala-de-prensa\/wp-json\/wp\/v2\/tags?post=1860"},{"taxonomy":"medio","embeddable":true,"href":"https:\/\/www.audens.es\/sala-de-prensa\/wp-json\/wp\/v2\/medio?post=1860"},{"taxonomy":"organizador","embeddable":true,"href":"https:\/\/www.audens.es\/sala-de-prensa\/wp-json\/wp\/v2\/organizador?post=1860"}],"curies":[{"name":"wp","href":"https:\/\/api.w.org\/{rel}","templated":true}]}}